{"id":1864,"date":"2023-02-21T01:01:10","date_gmt":"2023-02-21T05:01:10","guid":{"rendered":"https:\/\/elmundodelapolitica.com\/v1\/?p=1864"},"modified":"2023-02-21T01:01:10","modified_gmt":"2023-02-21T05:01:10","slug":"resumen-ya-empieza-la-segunda-temporada-de-sailing-into-the-future-together","status":"publish","type":"post","link":"https:\/\/elmundodelapolitica.com\/v1\/resumen-ya-empieza-la-segunda-temporada-de-sailing-into-the-future-together\/","title":{"rendered":"Resumen: Ya empieza la segunda temporada de Sailing into the Future. Together"},"content":{"rendered":"<p>13.000 millas a vela con el Class40 IBSA, desde el Caribe a la Fastnet<\/p>\n<p>Un calendario apretado y exigente espera a Alberto Bona y al Class40 IBSA en 2023. Tras la conclusi\u00f3n de la Route du Rhum, el programa comprende la participaci\u00f3n en seis de las regatas oce\u00e1nicas m\u00e1s conocidas y desafiantes, entre ellas la Transat Jacques Vabre<\/p>\n<p>Alberto Bona ya est\u00e1 listo para navegar y ser\u00e1 asistido en todas las regatas por el navegante espa\u00f1ol Pablo Santurde del Arco: \"Estamos preparados para ponernos a prueba\"<\/p>\n<p>LUGANO, Suiza&#8211;(BUSINESS WIRE)&#8211;Seis regatas, ganas de superarse, de seguir pensando en la sostenibilidad, de mejorar el trabajo en equipo: en compa\u00f1\u00eda del navegante oce\u00e1nico Albert Bona, el proyecto de IBSA, Sailing into the Future (Navegando hacia el futuro).<\/p>\n<p>El comunicado en el idioma original es la versi\u00f3n oficial y autorizada del mismo. Esta traducci\u00f3n es solamente un medio de ayuda y deber\u00e1 ser comparada con el texto en idioma original, que es la \u00fanica versi\u00f3n del texto que tendr\u00e1 validez legal.<br \/>\n Contacts<br \/>\nIBSA: oficina de prensa, ItaliaValeria Riccobono \u2013 valeria.riccobono@noesis.net \u2013 Cel.: +39 392-962-5892<br \/>\nOrnella Reccia \u2013 ornella.reccia@noesis.net \u2013 Cel.: +39 329-393-1922<\/p>\n<p>IBSA: oficina de prensa, SuizaFrancesca Rossini \u2013 notizie@laboratoriodelleparole.net \u2013 Cel.: +41 77-417-9372<\/p>\n","protected":false},"excerpt":{"rendered":"<div>\n<p class=\"bwalignc\">\n<b>13.000 millas a vela con el Class40 <i>IBSA<\/i>, desde el Caribe a la <i>Fastnet<\/i><\/b>\n<\/p>\n<ul class=\"bwlistdisc\">\n<li>\n<i>Un calendario apretado y exigente espera a Alberto Bona y al Class40 <\/i>IBSA<i> en 2023. Tras la conclusi\u00f3n de la <\/i>Route du Rhum<i>, el programa comprende la participaci\u00f3n en seis de las regatas oce\u00e1nicas m\u00e1s conocidas y desafiantes, entre ellas la <\/i>Transat Jacques Vabre\n<\/li>\n<li>\n<i>Alberto Bona ya est\u00e1 listo para navegar y ser\u00e1 asistido en todas las regatas por el navegante espa\u00f1ol Pablo Santurde del Arco: \"<\/i>Estamos preparados para ponernos a prueba<i>\"<\/i>\n<\/li>\n<\/ul>\n<p>LUGANO, Suiza&#8211;(BUSINESS WIRE)&#8211;Seis regatas, ganas de superarse, de seguir pensando en la sostenibilidad, de mejorar el trabajo en equipo: en compa\u00f1\u00eda del navegante oce\u00e1nico Albert Bona, el proyecto de IBSA, Sailing into the Future (Navegando hacia el futuro).\n<\/p>\n<p><a href=\"https:\/\/mms.businesswire.com\/media\/20230216005648\/es\/1716888\/5\/Immagine-PNG-21.jpg\"><img decoding=\"async\" src=\"https:\/\/mms.businesswire.com\/media\/20230216005645\/en\/1716888\/21\/Immagine-PNG-21.jpg\"><\/a><br \/><a href=\"https:\/\/mms.businesswire.com\/media\/20230216005648\/es\/1716125\/4\/IBSA-logo-payoff-RGB.jpg\"><img decoding=\"async\" src=\"https:\/\/mms.businesswire.com\/media\/20230216005645\/en\/1716125\/21\/IBSA-logo-payoff-RGB.jpg\"><\/a><\/p>\n<p>\nEl comunicado en el idioma original es la versi\u00f3n oficial y autorizada del mismo. Esta traducci\u00f3n es solamente un medio de ayuda y deber\u00e1 ser comparada con el texto en idioma original, que es la \u00fanica versi\u00f3n del texto que tendr\u00e1 validez legal.\n<\/p>\n<p> <b>Contacts<\/b> <\/p>\n<p>\n<b>IBSA: oficina de prensa, Italia<\/b><br \/>Valeria Riccobono \u2013 <a target=\"_blank\" href=\"mailto:valeria.riccobono@noesis.net\" rel=\"nofollow noopener\">valeria.riccobono@noesis.net<\/a> \u2013 Cel.: +39 392-962-5892<br \/>\n<br \/>Ornella Reccia \u2013 <a target=\"_blank\" href=\"mailto:ornella.reccia@noesis.net\" rel=\"nofollow noopener\">ornella.reccia@noesis.net<\/a> \u2013 Cel.: +39 329-393-1922\n<\/p>\n<p>\n<b>IBSA: oficina de prensa, Suiza<\/b><br \/>Francesca Rossini \u2013 <a target=\"_blank\" href=\"mailto:notizie@laboratoriodelleparole.net\" rel=\"nofollow noopener\">notizie@laboratoriodelleparole.net<\/a> \u2013 Cel.: +41 77-417-9372\n<\/p>\n<\/div>\n","protected":false},"author":2,"featured_media":1865,"comment_status":"closed","ping_status":"closed","sticky":false,"template":"","format":"standard","meta":{"fifu_image_url":"https:\/\/mms.businesswire.com\/media\/20230216005645\/en\/1716888\/21\/Immagine-PNG-21.jpg","fifu_image_alt":"Resumen: Ya empieza la segunda temporada de Sailing into the Future. Together","footnotes":""},"categories":[44],"tags":[],"class_list":["post-1864","post","type-post","status-publish","format-standard","has-post-thumbnail","hentry","category-business-wire"],"_links":{"self":[{"href":"https:\/\/elmundodelapolitica.com\/v1\/wp-json\/wp\/v2\/posts\/1864","targetHints":{"allow":["GET"]}}],"collection":[{"href":"https:\/\/elmundodelapolitica.com\/v1\/wp-json\/wp\/v2\/posts"}],"about":[{"href":"https:\/\/elmundodelapolitica.com\/v1\/wp-json\/wp\/v2\/types\/post"}],"author":[{"embeddable":true,"href":"https:\/\/elmundodelapolitica.com\/v1\/wp-json\/wp\/v2\/users\/2"}],"replies":[{"embeddable":true,"href":"https:\/\/elmundodelapolitica.com\/v1\/wp-json\/wp\/v2\/comments?post=1864"}],"version-history":[{"count":0,"href":"https:\/\/elmundodelapolitica.com\/v1\/wp-json\/wp\/v2\/posts\/1864\/revisions"}],"wp:featuredmedia":[{"embeddable":true,"href":"https:\/\/elmundodelapolitica.com\/v1\/wp-json\/wp\/v2\/media\/1865"}],"wp:attachment":[{"href":"https:\/\/elmundodelapolitica.com\/v1\/wp-json\/wp\/v2\/media?parent=1864"}],"wp:term":[{"taxonomy":"category","embeddable":true,"href":"https:\/\/elmundodelapolitica.com\/v1\/wp-json\/wp\/v2\/categories?post=1864"},{"taxonomy":"post_tag","embeddable":true,"href":"https:\/\/elmundodelapolitica.com\/v1\/wp-json\/wp\/v2\/tags?post=1864"}],"curies":[{"name":"wp","href":"https:\/\/api.w.org\/{rel}","templated":true}]}}