{"id":184,"date":"2022-04-05T13:30:27","date_gmt":"2022-04-05T17:30:27","guid":{"rendered":"http:\/\/www.elmundodelapolitica.com\/v2\/?p=25197"},"modified":"2022-04-05T13:30:27","modified_gmt":"2022-04-05T17:30:27","slug":"reune-subsecretaria-sherman-con-ministro-relaciones-exteriores-ecuatoriano-holguin","status":"publish","type":"post","link":"https:\/\/elmundodelapolitica.com\/v1\/reune-subsecretaria-sherman-con-ministro-relaciones-exteriores-ecuatoriano-holguin\/","title":{"rendered":"Reune subsecretaria Sherman con ministro Relaciones Exteriores ecuatoriano Holgu\u00edn"},"content":{"rendered":"\n<p><strong>Washington, D.C<\/strong>. Abril 2022.- Departamento de Estado de EE. UU.,&nbsp;Oficina de la Portavoz.&nbsp;Las declaraciones a continuaci\u00f3n deben atribuirse al portavoz Ned Price:<\/p>\n\n\n\n<p>La subsecretaria de Estado Wendy Sherman se reuni\u00f3 con el ministro de Relaciones Exteriores ecuatoriano Juan Carlos Holgu\u00edn, en esta ciudad. La subsecretaria Sherman elogi\u00f3 la en\u00e9rgica condena que manifest\u00f3 Ecuador hacia la guerra premeditada, no provocada e injustificada del presidente ruso Vladimir Putin contra Ucrania. La subsecretaria Sherman celebr\u00f3 el compromiso de Ecuador, conforme se destac\u00f3 durante la Cumbre por la Democracia, de promover los derechos humanos, combatir la corrupci\u00f3n y asistir a los migrantes y refugiados venezolanos que huyen de la opresi\u00f3n. Estados Unidos reconoci\u00f3 el papel de liderazgo regional que ejerce Ecuador en las acciones contra la crisis clim\u00e1tica y en el fomento de la conservaci\u00f3n ecol\u00f3gica. La subsecretaria Sherman tiene gran expectativa de trabajar en estrecha colaboraci\u00f3n con el ministro de Relaciones Exteriores Holgu\u00edn para seguir fortaleciendo los lazos econ\u00f3micos y de seguridad entre EE. UU. y Ecuador.<\/p>\n","protected":false},"excerpt":{"rendered":"<p>Washington, D.C. Abril 2022.- Departamento de Estado de EE. UU.,&nbsp;Oficina de la Portavoz.&nbsp;Las declaraciones a continuaci\u00f3n deben atribuirse al portavoz Ned Price: La subsecretaria de Estado Wendy Sherman se reuni\u00f3&hellip; <\/p>\n","protected":false},"author":2,"featured_media":185,"comment_status":"closed","ping_status":"open","sticky":false,"template":"","format":"standard","meta":{"fifu_image_url":"","fifu_image_alt":"","footnotes":""},"categories":[54],"tags":[],"class_list":["post-184","post","type-post","status-publish","format-standard","has-post-thumbnail","hentry","category-politica_exterior"],"_links":{"self":[{"href":"https:\/\/elmundodelapolitica.com\/v1\/wp-json\/wp\/v2\/posts\/184","targetHints":{"allow":["GET"]}}],"collection":[{"href":"https:\/\/elmundodelapolitica.com\/v1\/wp-json\/wp\/v2\/posts"}],"about":[{"href":"https:\/\/elmundodelapolitica.com\/v1\/wp-json\/wp\/v2\/types\/post"}],"author":[{"embeddable":true,"href":"https:\/\/elmundodelapolitica.com\/v1\/wp-json\/wp\/v2\/users\/2"}],"replies":[{"embeddable":true,"href":"https:\/\/elmundodelapolitica.com\/v1\/wp-json\/wp\/v2\/comments?post=184"}],"version-history":[{"count":0,"href":"https:\/\/elmundodelapolitica.com\/v1\/wp-json\/wp\/v2\/posts\/184\/revisions"}],"wp:featuredmedia":[{"embeddable":true,"href":"https:\/\/elmundodelapolitica.com\/v1\/wp-json\/wp\/v2\/media\/185"}],"wp:attachment":[{"href":"https:\/\/elmundodelapolitica.com\/v1\/wp-json\/wp\/v2\/media?parent=184"}],"wp:term":[{"taxonomy":"category","embeddable":true,"href":"https:\/\/elmundodelapolitica.com\/v1\/wp-json\/wp\/v2\/categories?post=184"},{"taxonomy":"post_tag","embeddable":true,"href":"https:\/\/elmundodelapolitica.com\/v1\/wp-json\/wp\/v2\/tags?post=184"}],"curies":[{"name":"wp","href":"https:\/\/api.w.org\/{rel}","templated":true}]}}