{"id":1838,"date":"2023-02-16T01:04:20","date_gmt":"2023-02-16T05:04:20","guid":{"rendered":"https:\/\/elmundodelapolitica.com\/v1\/?p=1838"},"modified":"2023-02-16T01:04:20","modified_gmt":"2023-02-16T05:04:20","slug":"resumen-ppg-y-la-fundacion-ppg-invirtieron-162-millones-de-dolares-en-comunidades-de-todo-el-mundo-en-2022","status":"publish","type":"post","link":"https:\/\/elmundodelapolitica.com\/v1\/resumen-ppg-y-la-fundacion-ppg-invirtieron-162-millones-de-dolares-en-comunidades-de-todo-el-mundo-en-2022\/","title":{"rendered":"Resumen: PPG y la Fundaci\u00f3n PPG invirtieron 16,2 millones de d\u00f3lares en comunidades de todo el mundo en 2022"},"content":{"rendered":"<p>PITTSBURGH&#8211;(BUSINESS WIRE)&#8211;PPG (NYSE:PPG) y la Fundaci\u00f3n PPG anunciaron hoy que invirtieron 16,2 millones de d\u00f3lares en 2022, un aumento de m\u00e1s de 2,5 millones respecto de 2021, para ayudar a m\u00e1s de 650 programas y comunidades aliadas en todo el mundo que se dedican a fomentar la educaci\u00f3n y a brindar sostenibilidad comunitaria, adem\u00e1s de alentar el voluntariado de empleados de PPG.<\/p>\n<p>\u201cEn 2022, activamos el poder del voluntariado de nuestros empleados, la experiencia en color y pintura, y nos concentramos en fomentar el sector STEM con el objetivo de construir comunidades mejores y m\u00e1s brillantes\u201d, indic\u00f3 Malesia Dunn, directora ejecutiva de la Fundaci\u00f3n PPG y de responsabilidad social corporativa. \u201cDesde ayuda para que los estudiantes puedan alcanzar el \u00e9xito en sus estudios hasta asistencia a nuestros vecinos en tiempos de necesidad, nuestras actividades de integraci\u00f3n con la comunidad estuvieron alineadas con la misi\u00f3n de nuestra empresa de proteger el mundo y hacerlo m\u00e1s bello\".<\/p>\n<p>El comunicado en el idioma original es la versi\u00f3n oficial y autorizada del mismo. Esta traducci\u00f3n es solamente un medio de ayuda y deber\u00e1 ser comparada con el texto en idioma original, que es la \u00fanica versi\u00f3n del texto que tendr\u00e1 validez legal.<br \/>\n Contacts<br \/>\nMark Silvey<br \/>\nComunicaciones corporativas<br \/>\n+1 412-434-3046<br \/>\nsilvey@ppg.comwww.ppgcommunities.com<\/p>\n","protected":false},"excerpt":{"rendered":"<div>\n<p>PITTSBURGH&#8211;(BUSINESS WIRE)&#8211;PPG (NYSE:PPG) y la Fundaci\u00f3n PPG anunciaron hoy que invirtieron 16,2 millones de d\u00f3lares en 2022, un aumento de m\u00e1s de 2,5 millones respecto de 2021, para ayudar a m\u00e1s de 650 programas y comunidades aliadas en todo el mundo que se dedican a fomentar la educaci\u00f3n y a brindar sostenibilidad comunitaria, adem\u00e1s de alentar el voluntariado de empleados de PPG.\n<\/p>\n<p><a href=\"https:\/\/mms.businesswire.com\/media\/20230215005218\/es\/1713876\/5\/Verbania_Italy_2.jpg\"><img decoding=\"async\" src=\"https:\/\/mms.businesswire.com\/media\/20230215005215\/en\/1713876\/21\/Verbania_Italy_2.jpg\"><\/a><\/p>\n<p>\n\u201cEn 2022, activamos el poder del voluntariado de nuestros empleados, la experiencia en color y pintura, y nos concentramos en fomentar el sector STEM con el objetivo de construir comunidades mejores y m\u00e1s brillantes\u201d, indic\u00f3 Malesia Dunn, directora ejecutiva de la Fundaci\u00f3n PPG y de responsabilidad social corporativa. \u201cDesde ayuda para que los estudiantes puedan alcanzar el \u00e9xito en sus estudios hasta asistencia a nuestros vecinos en tiempos de necesidad, nuestras actividades de integraci\u00f3n con la comunidad estuvieron alineadas con la misi\u00f3n de nuestra empresa de proteger el mundo y hacerlo m\u00e1s bello\".\n<\/p>\n<p>\nEl comunicado en el idioma original es la versi\u00f3n oficial y autorizada del mismo. Esta traducci\u00f3n es solamente un medio de ayuda y deber\u00e1 ser comparada con el texto en idioma original, que es la \u00fanica versi\u00f3n del texto que tendr\u00e1 validez legal.\n<\/p>\n<p> <b>Contacts<\/b> <\/p>\n<p>\nMark Silvey<br \/>\n<br \/>Comunicaciones corporativas<br \/>\n<br \/>+1 412-434-3046<br \/>\n<br \/><a target=\"_blank\" href=\"mailto:silvey@ppg.com\" rel=\"nofollow noopener\">silvey@ppg.com<\/a><br \/><a target=\"_blank\" href=\"https:\/\/cts.businesswire.com\/ct\/CT?id=smartlink&amp;url=http%3A%2F%2Fwww.ppgcommunities.com&amp;esheet=53324940&amp;newsitemid=20230215005218&amp;lan=es-ES&amp;anchor=www.ppgcommunities.com&amp;index=1&amp;md5=d0fd1e597c96c93608b3a73d6cc2b9bb\" rel=\"nofollow noopener\">www.ppgcommunities.com<\/a>\n<\/p>\n<\/div>\n","protected":false},"author":2,"featured_media":1839,"comment_status":"closed","ping_status":"closed","sticky":false,"template":"","format":"standard","meta":{"fifu_image_url":"https:\/\/mms.businesswire.com\/media\/20230215005215\/en\/1713876\/21\/Verbania_Italy_2.jpg","fifu_image_alt":"Resumen: PPG y la Fundaci\u00f3n PPG invirtieron 16,2 millones de d\u00f3lares en comunidades de todo el mundo en 2022","footnotes":""},"categories":[44],"tags":[],"class_list":["post-1838","post","type-post","status-publish","format-standard","has-post-thumbnail","hentry","category-business-wire"],"_links":{"self":[{"href":"https:\/\/elmundodelapolitica.com\/v1\/wp-json\/wp\/v2\/posts\/1838","targetHints":{"allow":["GET"]}}],"collection":[{"href":"https:\/\/elmundodelapolitica.com\/v1\/wp-json\/wp\/v2\/posts"}],"about":[{"href":"https:\/\/elmundodelapolitica.com\/v1\/wp-json\/wp\/v2\/types\/post"}],"author":[{"embeddable":true,"href":"https:\/\/elmundodelapolitica.com\/v1\/wp-json\/wp\/v2\/users\/2"}],"replies":[{"embeddable":true,"href":"https:\/\/elmundodelapolitica.com\/v1\/wp-json\/wp\/v2\/comments?post=1838"}],"version-history":[{"count":0,"href":"https:\/\/elmundodelapolitica.com\/v1\/wp-json\/wp\/v2\/posts\/1838\/revisions"}],"wp:featuredmedia":[{"embeddable":true,"href":"https:\/\/elmundodelapolitica.com\/v1\/wp-json\/wp\/v2\/media\/1839"}],"wp:attachment":[{"href":"https:\/\/elmundodelapolitica.com\/v1\/wp-json\/wp\/v2\/media?parent=1838"}],"wp:term":[{"taxonomy":"category","embeddable":true,"href":"https:\/\/elmundodelapolitica.com\/v1\/wp-json\/wp\/v2\/categories?post=1838"},{"taxonomy":"post_tag","embeddable":true,"href":"https:\/\/elmundodelapolitica.com\/v1\/wp-json\/wp\/v2\/tags?post=1838"}],"curies":[{"name":"wp","href":"https:\/\/api.w.org\/{rel}","templated":true}]}}