{"id":1822,"date":"2023-02-14T16:00:56","date_gmt":"2023-02-14T20:00:56","guid":{"rendered":"https:\/\/elmundodelapolitica.com\/v1\/?p=1822"},"modified":"2023-02-14T16:00:56","modified_gmt":"2023-02-14T20:00:56","slug":"avicultores-saludan-medidas-de-apoyo-instauradas-por-gobierno-logrando-record-produccion-enero-2023","status":"publish","type":"post","link":"https:\/\/elmundodelapolitica.com\/v1\/avicultores-saludan-medidas-de-apoyo-instauradas-por-gobierno-logrando-record-produccion-enero-2023\/","title":{"rendered":"Avicultores saludan medidas de apoyo instauradas por Gobierno; logrando r\u00e9cord producci\u00f3n enero 2023"},"content":{"rendered":"<div>\n<p>Santo Domingo. \u2013\u00a0<strong>La Asociaci\u00f3n Dominicana de Avicultura (ADA)\u00a0<\/strong>salud\u00f3 las nuevas<strong>\u00a0pol\u00edticas de apoyo\u00a0<\/strong>que el Gobierno<strong>\u00a0<\/strong>dominicano instaur\u00f3, a trav\u00e9s del\u00a0<strong>Ministerio de Agricultura<\/strong>, para continuar fortaleciendo el sector av\u00edcola.<\/p>\n<p>Dentro de las\u00a0medidas adoptadas\u00a0se encuentra el subsidio a la compra de gallinas, la adquisici\u00f3n y venta de excedentes a trav\u00e9s del Instituto de Nacional de Estabilizaci\u00f3n de Precios\u00a0<strong>(Inespre),<\/strong>\u00a0as\u00ed como los subsidios directos a las materias primas realizados desde el\u00a0<strong>Ministerio de Industria y Comercio<\/strong>, que han impactado positivamente en el subsector av\u00edcola.<\/p>\n<p>La\u00a0<strong>ADA<\/strong>\u00a0anunci\u00f3 que, gracias a estas medidas, durante el pasado mes de enero la\u00a0<strong>producci\u00f3n nacional de pollos alcanz\u00f3 los 19.6 millones de unidades<\/strong>, equivalentes a 43,000 toneladas de carne mensual,\u00a0<strong>cifra r\u00e9cord<\/strong>\u00a0<strong>con la<\/strong>\u00a0<strong>oferta hist\u00f3ricamente m\u00e1s alta<\/strong>\u00a0producida localmente en igual per\u00edodo de a\u00f1os anteriores.<\/p>\n<p>Adem\u00e1s, conforme a los datos ofrecidos por la entidad, se proyecta que para el primer trimestre del presente de 2023 habr\u00e1 un\u00a0<strong>incremento 2.7 millones de unidades adicionales<\/strong>, algo sin precedentes en la producci\u00f3n nacional, fruto de la\u00a0<strong>unidad del sector y el compromiso con la producci\u00f3n nacional<\/strong>.<\/p>\n<p>La\u00a0<strong>Asociaci\u00f3n Dominicana de Avicultura<\/strong>\u00a0ofreci\u00f3 el dato en un comunicado de prensa en el que se resaltan\u00a0<strong>los aportes y desempe\u00f1os de ese sector en beneficio de la alimentaci\u00f3n de los dominicanos.<\/strong><\/p>\n<p><em>\u201cNo cabe duda, pues, de que el sector agroalimentario dominicano demostr\u00f3 su resiliencia, su capacidad de respuestas y las ventajas derivadas de tener la producci\u00f3n lo m\u00e1s cerca posible del plato de los consumidores\u201d,<\/em>\u00a0dice m\u00e1s adelante el documento.<\/p>\n<p>Pero dice m\u00e1s:\u00a0<em>\u201cA ello se suma la generaci\u00f3n de riquezas y empleos de las actividades complementarias como son el transporte, los materiales de empaque, los negocios de ventas al por menor y los proveedores de materias primas, generando un aporte al PIB neto de uno RD 316,000 millones a precios corrientes\u201d.<\/em><\/p>\n<p><em>\u201cCabe mencionar que el 2022 fue un a\u00f1o de m\u00faltiples desaf\u00edos y que, sin duda, represent\u00f3 un retroceso en los esfuerzos mundiales para garantizar la seguridad alimentaria de los pueblos\u201d,<\/em>\u00a0pero al mismo tiempo se trata de\u00a0<em>\u00abun sector comprometido con la producci\u00f3n nacional y la alimentaci\u00f3n de todos los dominicanos\u201d,<\/em>\u00a0apunt\u00f3 el documento.<\/p>\n<p>Otro de los aspectos a que refiere la ADA, es lo relativo a los\u00a0<strong>fen\u00f3menos climatol\u00f3gicos<\/strong>, el conflicto b\u00e9lico entre\u00a0<strong>Rusia y Ucrania<\/strong>, los aumentos sucesivos de los\u00a0<em>commodities<\/em>\u00a0agr\u00edcolas (ma\u00edz, soya y aceite) y las distintas\u00a0<strong>perturbaciones econ\u00f3micas<\/strong>, los cuales han sido algunos de los factores que contribuyeron negativamente a aumentar la incertidumbre durante ese tiempo.<\/p>\n<p>Sin embargo, resalta que Rep\u00fablica Dominicana, pese al impacto negativo de las situaciones analizadas,\u00a0<strong>logr\u00f3 satisfactoriamente sobrepasar los momentos de m\u00e1s dificultad<\/strong>, creando las condiciones que nos han permitido seguir produciendo.<\/p>\n<p>El documento tambi\u00e9n indica que\u00a0<strong>el sector av\u00edcola nacional ha sido uno de los actores fundamentales<\/strong>, sorteando con \u00e9xito las distintas coyunturas mundiales y trabajando para producir en cantidades suficientes, en calidades y con los mejores indicadores de eficiencia, a fin de garantizar a los consumidores la mejor oferta de prote\u00ednas.<\/p>\n<p>La Asociaci\u00f3n Dominicana de Avicultores anunci\u00f3 proyectos de inversi\u00f3n que representan\u00a0<strong>cifras superiores a los RD 10,300 millones de pesos<\/strong>, todos en fases de ejecuci\u00f3n en las distintas etapas de la cadena de valor av\u00edcola.<\/p>\n<p>Otros de los compromisos de la ADA para este a\u00f1o est\u00e1n enfocados en el fortalecimiento de los\u00a0<strong>programas sanitarios<\/strong>\u00a0vigentes, aumentar la\u00a0<strong>asequibilidad<\/strong>\u00a0de los productos a los consumidores y contribuir consistentemente a\u00a0<strong>dietas nutritivas, frescas y precios justos\u00a0<\/strong>para los mercados de exportaci\u00f3n y a todos los hogares dominicanos.<\/p>\n<\/div>\n","protected":false},"excerpt":{"rendered":"<p>Santo Domingo. \u2013\u00a0La Asociaci\u00f3n Dominicana de Avicultura (ADA)\u00a0salud\u00f3 las nuevas\u00a0pol\u00edticas de apoyo\u00a0que el Gobierno\u00a0dominicano instaur\u00f3, a trav\u00e9s del\u00a0Ministerio de Agricultura, para continuar fortaleciendo el sector av\u00edcola. Dentro de las\u00a0medidas adoptadas\u00a0se&hellip; <\/p>\n","protected":false},"author":2,"featured_media":0,"comment_status":"closed","ping_status":"closed","sticky":false,"template":"","format":"standard","meta":{"fifu_image_url":"","fifu_image_alt":"","footnotes":""},"categories":[1],"tags":[],"class_list":["post-1822","post","type-post","status-publish","format-standard","hentry","category-sin-categoria"],"_links":{"self":[{"href":"https:\/\/elmundodelapolitica.com\/v1\/wp-json\/wp\/v2\/posts\/1822","targetHints":{"allow":["GET"]}}],"collection":[{"href":"https:\/\/elmundodelapolitica.com\/v1\/wp-json\/wp\/v2\/posts"}],"about":[{"href":"https:\/\/elmundodelapolitica.com\/v1\/wp-json\/wp\/v2\/types\/post"}],"author":[{"embeddable":true,"href":"https:\/\/elmundodelapolitica.com\/v1\/wp-json\/wp\/v2\/users\/2"}],"replies":[{"embeddable":true,"href":"https:\/\/elmundodelapolitica.com\/v1\/wp-json\/wp\/v2\/comments?post=1822"}],"version-history":[{"count":0,"href":"https:\/\/elmundodelapolitica.com\/v1\/wp-json\/wp\/v2\/posts\/1822\/revisions"}],"wp:attachment":[{"href":"https:\/\/elmundodelapolitica.com\/v1\/wp-json\/wp\/v2\/media?parent=1822"}],"wp:term":[{"taxonomy":"category","embeddable":true,"href":"https:\/\/elmundodelapolitica.com\/v1\/wp-json\/wp\/v2\/categories?post=1822"},{"taxonomy":"post_tag","embeddable":true,"href":"https:\/\/elmundodelapolitica.com\/v1\/wp-json\/wp\/v2\/tags?post=1822"}],"curies":[{"name":"wp","href":"https:\/\/api.w.org\/{rel}","templated":true}]}}