{"id":182,"date":"2022-04-05T13:33:00","date_gmt":"2022-04-05T17:33:00","guid":{"rendered":"http:\/\/www.elmundodelapolitica.com\/v2\/?p=25200"},"modified":"2022-04-05T13:33:00","modified_gmt":"2022-04-05T17:33:00","slug":"mujer-jce-y-procuraduria-firman-acuerdo-de-colaboracion-para-promover-la-igualdad-de-genero","status":"publish","type":"post","link":"https:\/\/elmundodelapolitica.com\/v1\/mujer-jce-y-procuraduria-firman-acuerdo-de-colaboracion-para-promover-la-igualdad-de-genero\/","title":{"rendered":"Mujer, JCE y Procuradur\u00eda firman acuerdo de colaboraci\u00f3n para promover la igualdad de g\u00e9nero"},"content":{"rendered":"\n<p><strong>Santo Domingo<\/strong>-El Ministerio de la Mujer, la Junta Central Electoral y la Procuradur\u00eda General de la Rep\u00fablica, firmaron un acuerdo interinstitucional para dar respuesta a la necesidad de trabajar una serie de acciones que fortalezcan el trabajo dirigido a las y los ciudadanos, teniendo como objetivo la equidad e igualdad de g\u00e9nero.<\/p>\n\n\n\n<p>El pacto, suscripto por Mayra Jim\u00e9nez, ministra de la Mujer, Rom\u00e1n Andr\u00e9s J\u00e1quez Liranzo, presidente de la Junta Central Electoral y la Procuradora General de la Rep\u00fablica, Miriam Germ\u00e1n Brito, busca establecer mecanismos para la gesti\u00f3n y remisi\u00f3n a la Junta Central Electoral (JCE) de casos para el registro y cedulaci\u00f3n de mujeres asistidas por el Ministerio de la Mujer y de sus hijas e hijos<\/p>\n\n\n\n<p>Para la ministra de la Mujer, la alianza implica un esfuerzo para orientar las acciones conjuntas y robustecer la calidad del trabajo y los servicios ofrecidos por las instituciones firmantes; sin dejar de lado la mirada integral al personal, que impulsa el funcionamiento institucional y vela por la incorporaci\u00f3n de la perspectiva de g\u00e9nero en el desempe\u00f1o de sus funciones.<\/p>\n\n\n\n<p>En tanto que el magistrado Rom\u00e1n J\u00e1quez Liranzo, presidente de la JCE, manifest\u00f3 que no se debe ser indiferentes ante la violencia contra la mujer en todas las formas, ni normalizarla, ya que es responsabilidad de todos y de todas prevenirla e identificar y actuar en su contra.<\/p>\n\n\n\n<p>Cabe se\u00f1alar, que la iniciativa se fundamenta en la elaboraci\u00f3n y ejecuci\u00f3n de un plan estrat\u00e9gico para prevenir y erradicar la violencia intrafamiliar y de g\u00e9nero, incluyendo temas de delitos sexuales y acoso laboral, dirigido a la empleoman\u00eda de la Junta Central Electoral (JCE).<\/p>\n\n\n\n<p>El acuerdo, estable<strong> <\/strong>fomentar la inclusi\u00f3n, la convivencia y la mejorar de la eficiencia laboral, as\u00ed como el fortalecimiento de la articulaci\u00f3n para la calidad y mejora de los servicios de prevenci\u00f3n y atenci\u00f3n a la violencia que ofrece el Ministerio de la Mujer.<\/p>\n\n\n\n<p>Con este convenio, las instituciones propiciar\u00e1n una empleoman\u00eda saludable, responsable y conocedora de sus derechos y deberes, respecto de las disposiciones de la Ley No. 24-97, sobre Violencia Intrafamiliar.<\/p>\n\n\n\n<p>El Ministerio de la Mujer propiciar\u00e1 espacios juntamente con la Junta CentralElectoralpara la formaci\u00f3n y empoderamiento de las mujeres pol\u00edticas sobre sus derechos y participaci\u00f3n.<\/p>\n\n\n\n<p>En tanto, que la Junta Central Electoral se compromete a realizar un an\u00e1lisis sobre las consecuencias de la violencia de g\u00e9nero, intrafamiliar y delitos sexuales en el \u00e1mbito laboral.<\/p>\n\n\n\n<p>Comunicar a su personal las informaciones relativas al Departamento de Violencia de G\u00e9nero, Intrafamiliar y Abusos Sexuales del Ministerio P\u00fablico<strong>,<\/strong> y de la Direcci\u00f3n de Prevenci\u00f3n y Atenci\u00f3n a la Violencia contra la Mujer e Intrafamiliar del Ministerio de la Mujer y sus Oficinas Provinciales y Municipales.<\/p>\n\n\n\n<p>Entre sus compromisos, est\u00e1 disponer de los recursos humanos y log\u00edsticos para las capacitaciones, que ser\u00e1n coordinadas con el Ministerio de la Mujer. Asimismo, se crear\u00e1n espacios de formaci\u00f3n y empoderamiento de las mujeres pol\u00edticas sobre sus derechos y participaci\u00f3n.<\/p>\n\n\n\n<p>Establece crear un mecanismo para referir a la Junta Central casos de mujeres asistidas por el Ministerio de la Mujer&nbsp;que requieran el registro y cedulaci\u00f3n y la formaci\u00f3n en registro civil y participaci\u00f3n pol\u00edtica electoral al personal del Ministerio de la Mujer.<\/p>\n\n\n\n<p>En cuanto al Ministerio P\u00fablico, este tendr\u00e1 a su cargo la instrucci\u00f3n y capacitaci\u00f3n del personal, de la Junta Central Electoral, quienes recibir\u00e1n la debida capacitaci\u00f3n por parte del Ministerio P\u00fablico<strong>,<\/strong> y ser\u00e1n certificados para asumir la formaci\u00f3n y desarrollo de este programa.<\/p>\n\n\n\n<p>Asimismo, tendr\u00e1 tambi\u00e9n bajo su responsabilidad, la capacitaci\u00f3n en manejo y prevenci\u00f3n de delitos de violencia, delitos sexuales, nueva masculinidad; y asistir\u00e1 en temas y casos de violencia contra la mujer e intrafamiliar y delitos sexuales al personal de Junta Central Electoral.<\/p>\n","protected":false},"excerpt":{"rendered":"<p>Santo Domingo-El Ministerio de la Mujer, la Junta Central Electoral y la Procuradur\u00eda General de la Rep\u00fablica, firmaron un acuerdo interinstitucional para dar respuesta a la necesidad de trabajar una&hellip; <\/p>\n","protected":false},"author":2,"featured_media":183,"comment_status":"closed","ping_status":"open","sticky":false,"template":"","format":"standard","meta":{"fifu_image_url":"","fifu_image_alt":"","footnotes":""},"categories":[17],"tags":[],"class_list":["post-182","post","type-post","status-publish","format-standard","has-post-thumbnail","hentry","category-politica"],"_links":{"self":[{"href":"https:\/\/elmundodelapolitica.com\/v1\/wp-json\/wp\/v2\/posts\/182","targetHints":{"allow":["GET"]}}],"collection":[{"href":"https:\/\/elmundodelapolitica.com\/v1\/wp-json\/wp\/v2\/posts"}],"about":[{"href":"https:\/\/elmundodelapolitica.com\/v1\/wp-json\/wp\/v2\/types\/post"}],"author":[{"embeddable":true,"href":"https:\/\/elmundodelapolitica.com\/v1\/wp-json\/wp\/v2\/users\/2"}],"replies":[{"embeddable":true,"href":"https:\/\/elmundodelapolitica.com\/v1\/wp-json\/wp\/v2\/comments?post=182"}],"version-history":[{"count":0,"href":"https:\/\/elmundodelapolitica.com\/v1\/wp-json\/wp\/v2\/posts\/182\/revisions"}],"wp:featuredmedia":[{"embeddable":true,"href":"https:\/\/elmundodelapolitica.com\/v1\/wp-json\/wp\/v2\/media\/183"}],"wp:attachment":[{"href":"https:\/\/elmundodelapolitica.com\/v1\/wp-json\/wp\/v2\/media?parent=182"}],"wp:term":[{"taxonomy":"category","embeddable":true,"href":"https:\/\/elmundodelapolitica.com\/v1\/wp-json\/wp\/v2\/categories?post=182"},{"taxonomy":"post_tag","embeddable":true,"href":"https:\/\/elmundodelapolitica.com\/v1\/wp-json\/wp\/v2\/tags?post=182"}],"curies":[{"name":"wp","href":"https:\/\/api.w.org\/{rel}","templated":true}]}}