{"id":1806,"date":"2023-02-14T15:08:44","date_gmt":"2023-02-14T19:08:44","guid":{"rendered":"https:\/\/elmundodelapolitica.com\/v1\/?p=1806"},"modified":"2023-02-14T15:14:10","modified_gmt":"2023-02-14T19:14:10","slug":"leonel-fernandez-remacha-sugiriendo-no-reintroducir-proyecto-de-trata-de-personas","status":"publish","type":"post","link":"https:\/\/elmundodelapolitica.com\/v1\/leonel-fernandez-remacha-sugiriendo-no-reintroducir-proyecto-de-trata-de-personas\/","title":{"rendered":"Leonel Fern\u00e1ndez remacha sugiriendo no reintroducir proyecto de trata de personas"},"content":{"rendered":"\n<p>SANTO DOMINGO.- Horas despu\u00e9s de que el ex presidente de la Rep\u00fablica y l\u00edder del partido Fuerza del Pueblo (FP), Leonel Fern\u00e1ndez, exigiera al presidente Luis Abinader retirar el infausto proyecto de ley sobre Trata de Personas, Explotaci\u00f3n y Tr\u00e1fico de Migrantes, que hab\u00eda sometido al Congreso Nacional, el gobierno retir\u00f3 la pieza, alegando que lo hac\u00eda \u201cpara lograr el consenso p\u00fablico necesario\u201d.<\/p>\n\n\n\n<p>El l\u00edder de la oposici\u00f3n y presidente de la Fuerza del Pueblo, refiri\u00e9ndose a la decisi\u00f3n del gobierno, dijo: \u201cNos parece sensato que haya podido reaccionar de esa manera, ante la c\u00f3lera popular, pero no por eso merece reconocimiento o elogio alguno\u201d.<\/p>\n\n\n\n<p>Fern\u00e1ndez emiti\u00f3 sus consideraciones en un video colgado en sus redes sociales, donde se\u00f1al\u00f3 que el gobierno no debi\u00f3, en ning\u00fan momento, someter una pieza legislativa, de esa naturaleza, \u201cque adem\u00e1s de ser un dislate y un adefesio jur\u00eddico, constituye una grave amenaza a nuestra soberan\u00eda nacional\u201d.<\/p>\n\n\n\n<p>\u201cLa impresi\u00f3n que tenemos es que no se ley\u00f3 bien lo que se estaba enviando al \u00f3rgano legislativo nacional, o se subestim\u00f3 la capacidad de reacci\u00f3n de la opini\u00f3n p\u00fablica nacional\u201d, expres\u00f3.<\/p>\n\n\n\n<p>\u201cLo que hay que comprender es que desde hace alg\u00fan tiempo la Rep\u00fablica Dominicana ha estado siendo objeto de intensas presiones internacionales para que conceda la nacionalidad dominicana a todos los nacidos en nuestro territorio, aun de padres en condiciones migratorias irregulares, y en caso de no obtemperar, acusarnos de ap\u00e1trida\u201d, se\u00f1al\u00f3 Fern\u00e1ndez.<\/p>\n\n\n\n<p>Agreg\u00f3 que \u201cse nos presiona para no deportar a los que de manera ilegal penetran nuestro territorio, y m\u00e1s recientemente se nos reclama aceptar en calidad de refugiados a los que huyen de la violencia en su pa\u00eds para trasladarla al nuestro\u201d.<\/p>\n\n\n\n<p>\u201cHasta ahora, con gran orgullo, hab\u00edamos resistido. Como Estado nacional no hab\u00edamos suscrito el Pacto Mundial de Migraci\u00f3n ni el Pacto Mundial para Refugiados de Naciones Unidas, porque percib\u00edamos que conten\u00eda algunas cl\u00e1usulas, que por nuestra condici\u00f3n geopol\u00edtica particular, de pa\u00eds que comparte una misma isla, resultaban perjudiciales al inter\u00e9s nacional\u201d, explic\u00f3 Fern\u00e1ndez.<\/p>\n\n\n\n<p>\u201cTampoco se suscribi\u00f3 la Declaraci\u00f3n de Los \u00c1ngeles, en el marco de la \u00faltima Cumbre de las Am\u00e9ricas, por los mismos motivos de que conten\u00eda conceptos y establec\u00eda compromisos que nos afectaban de manera diferente a otros pa\u00edses miembros del hemisferio\u201d, subray\u00f3.<\/p>\n\n\n\n<p>El ex mandatario dominicano agrega: \u201cPero, ahora, lo que hemos visto con preocupaci\u00f3n es que el proyecto de ley enviado al Congreso Nacional incorpora esos valores y principios que antes, con toda justicia y raz\u00f3n, nos hab\u00edamos negado a suscribir, porque resultaban violatorias de nuestra Constituci\u00f3n y de nuestra raz\u00f3n de ser como ciudadanos de la patria de Duarte, S\u00e1nchez y Mella\u201d.<\/p>\n\n\n\n<p>Se\u00f1ala que \u201cEl esp\u00edritu de esos instrumentos internacionales se encuentran en el lenguaje del dispositivo legal enviado al Senado de la Rep\u00fablica\u201d.<\/p>\n\n\n\n<p>En el video el presidente de la FP hizo una serie de interrogantes:<br>\u201c\u00bfC\u00f3mo aceptar el principio de no devoluci\u00f3n, esto es, que las v\u00edctimas de trata de personas o los migrantes ilegales no pueden ser repatriados a sus pa\u00edses de origen?\u201d<\/p>\n\n\n\n<p>\u201c\u00bfC\u00f3mo incorporarlos a todos los servicios sociales del Estado y permitir que vengan todos sus familiares a reencontrarse en nuestro territorio?\u201d<\/p>\n\n\n\n<p>\u201c\u00bfA qui\u00e9n se le ocurri\u00f3 la idea de establecer una contribuci\u00f3n obligatoria especial, es decir, una carga tributaria, un impuesto, a cargo de todas las personas jur\u00eddicas y entidades del pa\u00eds, para mantener a todos los que no quieran retornar a su pa\u00eds?\u201d<\/p>\n\n\n\n<p>\u201c\u00bfA qui\u00e9n se le ocurre? \u00bfC\u00f3mo ha podido suceder?\u201d<br>Sostuvo que \u201cPor todo eso, con raz\u00f3n, el pueblo est\u00e1 profundamente indignado\u201d.<\/p>\n\n\n\n<p>Leonel Fern\u00e1ndez hizo saber que \u201cMe tom\u00e9 el tiempo para intervenir en este debate. No quise precipitarme y ser v\u00edctima de las emociones. Prefer\u00ed hacer un examen exhaustivo y pormenorizado de la situaci\u00f3n antes de compartir mis perspectivas y puntos de vista\u201d.<\/p>\n\n\n\n<p>\u201cSin embargo, al igual que el resto de la mayor\u00eda del pa\u00eds, siento que lo que ha ocurrido ha sido grave; y lo explico por una de dos razones\u201d, se\u00f1al\u00f3.<\/p>\n\n\n\n<p>De acuerdo con el l\u00edder pol\u00edtico dominicano, esas dos razones son: \u201cLa primera, por imprevisi\u00f3n y negligencia; y la segunda, por presi\u00f3n externa\u201d.<\/p>\n\n\n\n<p>Resalt\u00f3 que: \u201cEn cualesquiera de las dos circunstancias, inexcusable\u201d.<br>Fern\u00e1ndez concluye sus palabras diciendo que: \u201cAfortunadamente, por lo menos, en \u00faltima instancia, se escucha el clamor del pueblo: Se\u00f1or Presidente, retire ese proyecto. Y por favor, no lo reintroduzca\u201d.<\/p>\n\n\n\n<p>En horas de la ma\u00f1ana del domingo, en un acto pol\u00edtico celebrado en el sector Los guaricamos, de Santo Domingo Norte, el ex presidente Fern\u00e1ndez exigi\u00f3 del gobierno retirar el referido proyecto sobre trata de personas, se\u00f1alando que el mismo constitu\u00eda una amenaza para la soberan\u00eda nacional y, adem\u00e1s, violaba la Constituci\u00f3n dominicana.<\/p>\n\n\n\n<p>El gobierno hizo saber que retir\u00f3 la pieza para lograr el consenso p\u00fablico necesario, se\u00f1alando que\u201d esta acci\u00f3n se hace respondiendo a la inquietud ciudadana producida por este proyecto y que su reintroducci\u00f3n se har\u00e1 en un plazo no mayor a los 45 d\u00edas\u201d.<\/p>\n\n\n\n<p>Mientras que el principal l\u00edder pol\u00edtico del pa\u00eds, y tres veces presidente de la Rep\u00fablica, Leonel Fern\u00e1ndez, le aconsej\u00f3 no volver a reintroducirlo.<\/p>\n","protected":false},"excerpt":{"rendered":"<p>SANTO DOMINGO.- Horas despu\u00e9s de que el ex presidente de la Rep\u00fablica y l\u00edder del partido Fuerza del Pueblo (FP), Leonel Fern\u00e1ndez, exigiera al presidente Luis Abinader retirar el infausto&hellip; <\/p>\n","protected":false},"author":2,"featured_media":1811,"comment_status":"closed","ping_status":"closed","sticky":false,"template":"","format":"standard","meta":{"fifu_image_url":"","fifu_image_alt":"","footnotes":""},"categories":[63],"tags":[],"class_list":["post-1806","post","type-post","status-publish","format-standard","has-post-thumbnail","hentry","category-actualidad"],"_links":{"self":[{"href":"https:\/\/elmundodelapolitica.com\/v1\/wp-json\/wp\/v2\/posts\/1806","targetHints":{"allow":["GET"]}}],"collection":[{"href":"https:\/\/elmundodelapolitica.com\/v1\/wp-json\/wp\/v2\/posts"}],"about":[{"href":"https:\/\/elmundodelapolitica.com\/v1\/wp-json\/wp\/v2\/types\/post"}],"author":[{"embeddable":true,"href":"https:\/\/elmundodelapolitica.com\/v1\/wp-json\/wp\/v2\/users\/2"}],"replies":[{"embeddable":true,"href":"https:\/\/elmundodelapolitica.com\/v1\/wp-json\/wp\/v2\/comments?post=1806"}],"version-history":[{"count":1,"href":"https:\/\/elmundodelapolitica.com\/v1\/wp-json\/wp\/v2\/posts\/1806\/revisions"}],"predecessor-version":[{"id":1812,"href":"https:\/\/elmundodelapolitica.com\/v1\/wp-json\/wp\/v2\/posts\/1806\/revisions\/1812"}],"wp:featuredmedia":[{"embeddable":true,"href":"https:\/\/elmundodelapolitica.com\/v1\/wp-json\/wp\/v2\/media\/1811"}],"wp:attachment":[{"href":"https:\/\/elmundodelapolitica.com\/v1\/wp-json\/wp\/v2\/media?parent=1806"}],"wp:term":[{"taxonomy":"category","embeddable":true,"href":"https:\/\/elmundodelapolitica.com\/v1\/wp-json\/wp\/v2\/categories?post=1806"},{"taxonomy":"post_tag","embeddable":true,"href":"https:\/\/elmundodelapolitica.com\/v1\/wp-json\/wp\/v2\/tags?post=1806"}],"curies":[{"name":"wp","href":"https:\/\/api.w.org\/{rel}","templated":true}]}}