{"id":176,"date":"2022-04-05T13:43:20","date_gmt":"2022-04-05T17:43:20","guid":{"rendered":"http:\/\/www.elmundodelapolitica.com\/v2\/?p=25208"},"modified":"2022-04-05T13:43:20","modified_gmt":"2022-04-05T17:43:20","slug":"visita-embajador-santana-a-privados-libertad","status":"publish","type":"post","link":"https:\/\/elmundodelapolitica.com\/v1\/visita-embajador-santana-a-privados-libertad\/","title":{"rendered":"Visita Embajador Santana a privados libertad"},"content":{"rendered":"\n<p><strong>Uruguay<\/strong>. Abril 2022.- El&nbsp;<strong>embajador<\/strong>&nbsp;dominicano en la Rep\u00fablica Oriental del Uruguay,&nbsp;<strong>Fidel Santana,&nbsp;<\/strong>acompa\u00f1ado por las autoridades penitenciarias correspondientes, realiz\u00f3 una visita a los conciudadanos privados de libertad en ese pa\u00eds, para&nbsp;constatar, en primera persona, las condiciones en que se encuentran.<\/p>\n\n\n\n<p>En el marco de su agenda como jefe de misi\u00f3n diplom\u00e1tica en Uruguay, el embajador Santana estableci\u00f3 como prioridad a su llegada, el apoyo a la comunidad dominicana radicada en el pa\u00eds.<\/p>\n\n\n\n<p>Entre las acciones realizadas destaca un programa de visitas que viene desarrollando desde diciembre, a los dominicanos privados de libertad, albergados en los distintos centros penitenciarios de Uruguay, la mayor\u00eda de ellos insertados en programas avanzados de reinserci\u00f3n social.<\/p>\n\n\n\n<p>Santana, quien lleva a cabo estas visitas conjuntamente con la encargada de \u00e1rea, la consejera, Caren Caama\u00f1o Acevedo, procura escuchar con especial atenci\u00f3n las inquietudes de estos dominicanos, para que sientan el apoyo de su patria, por medio de sus representantes designados en ese pa\u00eds y a la vez de suplirles art\u00edculos b\u00e1sicos de primera necesidad.<\/p>\n\n\n\n<p>Fidel Santana fue nombrado embajador extraordinario y plenipotenciario de Uruguay&nbsp;el 13 de agosto, a trav\u00e9s del decreto 509-21.<\/p>\n","protected":false},"excerpt":{"rendered":"<p>Uruguay. Abril 2022.- El&nbsp;embajador&nbsp;dominicano en la Rep\u00fablica Oriental del Uruguay,&nbsp;Fidel Santana,&nbsp;acompa\u00f1ado por las autoridades penitenciarias correspondientes, realiz\u00f3 una visita a los conciudadanos privados de libertad en ese pa\u00eds, para&nbsp;constatar, en&hellip; <\/p>\n","protected":false},"author":2,"featured_media":177,"comment_status":"closed","ping_status":"open","sticky":false,"template":"","format":"standard","meta":{"fifu_image_url":"","fifu_image_alt":"","footnotes":""},"categories":[7],"tags":[],"class_list":["post-176","post","type-post","status-publish","format-standard","has-post-thumbnail","hentry","category-politica-exterior"],"_links":{"self":[{"href":"https:\/\/elmundodelapolitica.com\/v1\/wp-json\/wp\/v2\/posts\/176","targetHints":{"allow":["GET"]}}],"collection":[{"href":"https:\/\/elmundodelapolitica.com\/v1\/wp-json\/wp\/v2\/posts"}],"about":[{"href":"https:\/\/elmundodelapolitica.com\/v1\/wp-json\/wp\/v2\/types\/post"}],"author":[{"embeddable":true,"href":"https:\/\/elmundodelapolitica.com\/v1\/wp-json\/wp\/v2\/users\/2"}],"replies":[{"embeddable":true,"href":"https:\/\/elmundodelapolitica.com\/v1\/wp-json\/wp\/v2\/comments?post=176"}],"version-history":[{"count":0,"href":"https:\/\/elmundodelapolitica.com\/v1\/wp-json\/wp\/v2\/posts\/176\/revisions"}],"wp:featuredmedia":[{"embeddable":true,"href":"https:\/\/elmundodelapolitica.com\/v1\/wp-json\/wp\/v2\/media\/177"}],"wp:attachment":[{"href":"https:\/\/elmundodelapolitica.com\/v1\/wp-json\/wp\/v2\/media?parent=176"}],"wp:term":[{"taxonomy":"category","embeddable":true,"href":"https:\/\/elmundodelapolitica.com\/v1\/wp-json\/wp\/v2\/categories?post=176"},{"taxonomy":"post_tag","embeddable":true,"href":"https:\/\/elmundodelapolitica.com\/v1\/wp-json\/wp\/v2\/tags?post=176"}],"curies":[{"name":"wp","href":"https:\/\/api.w.org\/{rel}","templated":true}]}}