{"id":1755,"date":"2023-02-12T20:54:12","date_gmt":"2023-02-13T00:54:12","guid":{"rendered":"https:\/\/elmundodelapolitica.com\/v1\/?p=1755"},"modified":"2023-02-12T20:54:12","modified_gmt":"2023-02-13T00:54:12","slug":"paises-de-la-region-se-comprometieron-a-reducir-la-brecha-digital-de-genero-y-garantizar-el-desarrollo-tecnologico","status":"publish","type":"post","link":"https:\/\/elmundodelapolitica.com\/v1\/paises-de-la-region-se-comprometieron-a-reducir-la-brecha-digital-de-genero-y-garantizar-el-desarrollo-tecnologico\/","title":{"rendered":"Pa\u00edses de la regi\u00f3n se comprometieron a reducir la brecha digital de g\u00e9nero y garantizar el desarrollo tecnol\u00f3gico"},"content":{"rendered":"<div>\n<p>Pa\u00edses de la regi\u00f3n se comprometieron a \u201cpromover pol\u00edticas p\u00fablicas intersectoriales que incluyan medidas de acci\u00f3n afirmativa para propiciar la participaci\u00f3n, la permanencia y la culminaci\u00f3n de la educaci\u00f3n de las ni\u00f1as, las adolescentes y las mujeres en las \u00e1reas de la ciencia, la ingenier\u00eda, las matem\u00e1ticas y las tecnolog\u00edas\u201d, as\u00ed como su acceso pleno a la emergente econom\u00eda digital y sus potenciales oportunidades.<\/p>\n<p>As\u00ed lo establece la\u00a0<em><strong><a href=\"https:\/\/www.cepal.org\/sites\/default\/files\/events\/files\/2300079_mdm64_declaracion_aprobada_0.pdf\">Declaraci\u00f3n\u00a0<\/a><\/strong><\/em>de las ministras y altas autoridades de los mecanismos nacionales para el adelanto de las mujeres de Am\u00e9rica Latina y el Caribe para el 67\u00ba per\u00edodo de sesiones de la Comisi\u00f3n de la Condici\u00f3n Jur\u00eddica y Social de la Mujer (CSW, por sus siglas en ingl\u00e9s), resultado de la\u00a0<a href=\"https:\/\/www.cepal.org\/es\/eventos\/64-reunion-la-mesa-directiva-la-conferencia-regional-la-mujer-america-latina-caribe#section-programme\">Sexag\u00e9sima Cuarta Reuni\u00f3n de la Mesa Directiva de la Conferencia Regional sobre la Mujer<\/a>\u00a0que tuvo lugar los d\u00edas 8 y 9 de febrero de 2023 de forma virtual.<\/p>\n<p>La 64\u00aa Reuni\u00f3n de la Mesa Directiva de la Conferencia Regional sobre la Mujer fue organizada por la Comisi\u00f3n Econ\u00f3mica para Am\u00e9rica Latina y el Caribe (CEPAL), como Secretar\u00eda de la Conferencia, en coordinaci\u00f3n con la Entidad de las Naciones Unidas para la Igualdad de G\u00e9nero y el Empoderamiento de las Mujeres (ONU Mujeres). En ella participaron delegaciones de los 15 pa\u00edses que integran la Mesa (Argentina, Barbados, Bolivia, Chile, Colombia, Costa Rica, Cuba, Ecuador, Honduras, M\u00e9xico, Per\u00fa, Rep\u00fablica Dominicana, San Vicente y las Granadinas, Uruguay y Venezuela), adem\u00e1s de funcionarias y funcionarios de otros 18 Estados Miembros y asociados de la CEPAL, representantes del Sistema de las Naciones Unidas, de organismos intergubernamentales y de la sociedad civil. En total, hubo m\u00e1s de 500 participantes y alta audiencia a trav\u00e9s de las redes sociales.<\/p>\n<p>\u201cEn materia de decisiones tomadas, las ministras y altas autoridades de los mecanismos nacionales para el adelanto de las mujeres de Am\u00e9rica Latina y el Caribe reafirmaron su compromiso de acelerar la efectiva implementaci\u00f3n de la Agenda Regional de G\u00e9nero, incluido el\u00a0<a href=\"https:\/\/conferenciamujer.cepal.org\/15\/es\/documentos\/compromiso-buenos-aires\">Compromiso de Buenos Aires<\/a>\u201d adoptado en 2022 en la\u00a0<a href=\"https:\/\/conferenciamujer.cepal.org\/15\/es\">XV Conferencia Regional sobre la Mujer de Am\u00e9rica Latina y el Caribe<\/a>, destac\u00f3 Ana G\u00fcezmes, Directora de la Divisi\u00f3n de Asuntos de G\u00e9nero de la CEPAL, en la sesi\u00f3n de clausura.<\/p>\n<p>Para la alta funcionaria, \u201ctenemos como regi\u00f3n un rumbo claro para avanzar hacia la sociedad del cuidado que, entre otros beneficios, libere de tiempo y trabajo no remunerado a las mujeres para que puedan tener plena participaci\u00f3n en el \u00e1mbito laboral, puedan capacitarse y acceder en igualdad de condiciones a la educaci\u00f3n y las tecnolog\u00edas digitales\u201d. \u201cTal como ha quedado demostrado en estos dos d\u00edas de intercambios, existe en la regi\u00f3n una agenda de prioridades clara y contundente. Hay propuestas innovadoras para abordar las m\u00faltiples crisis que minan la igualdad. Hay soluciones audaces para cerrar las brechas de g\u00e9nero\u201d, remarc\u00f3.<\/p>\n<p>En ese sentido, mencion\u00f3 los<a href=\"https:\/\/www.cepal.org\/sites\/default\/files\/events\/files\/2300077_mdm64_acuerdos_aprobados.pdf\">\u00a0acuerdos aprobados<\/a>\u00a0y los documentos que se compartieron durante la reuni\u00f3n. \u201cEstos documentos y acuerdos nutren la Agenda Regional de G\u00e9nero, que tambi\u00e9n da pautas sobre c\u00f3mo abordar las desigualdades estructurales y avanzar en el acceso, uso, apropiaci\u00f3n e innovaci\u00f3n tecnol\u00f3gica de las mujeres y las ni\u00f1as en toda su diversidad. Permiten recuperar el talento perdido frente a la paradoja de que, si bien las mujeres tienen mayor tasa de conclusi\u00f3n de la educaci\u00f3n que los hombres, est\u00e1n relegadas en la participaci\u00f3n laboral y m\u00e1s en las \u00e1reas de ciencia, tecnolog\u00eda, ingenier\u00eda y matem\u00e1ticas, as\u00ed como en la innovaci\u00f3n y en la producci\u00f3n de conocimiento cient\u00edfico\u201d, dijo.<\/p>\n<p>Cecilia Alemany, Directora Regional Adjunta para las Am\u00e9ricas y el Caribe de ONU Mujeres y Representante interina en Argentina, resalt\u00f3 \u201cla importancia de potenciar la cooperaci\u00f3n regional e internacional en todas sus formas, respondiendo al concepto promovido por Chile de una cooperaci\u00f3n \u2018tous azimuts\u2019 y acu\u00f1ada como \u2018cooperaci\u00f3n circular\u2019 para una transici\u00f3n digital incluyente vinculada con la transici\u00f3n social y el fortalecimiento los ministerios de las mujeres, y que se plantea en la declaraci\u00f3n que hoy acuerdan los gobiernos de Am\u00e9rica Latina y el Caribe para llevar a la 67 Comisi\u00f3n de la Condici\u00f3n Jur\u00eddica de la Mujer en los p\u00e1rrafos 21 y 23\u201d.<\/p>\n<p>En la Declaraci\u00f3n, las ministras y altas autoridades acordaron \u201cimpulsar programas de cooperaci\u00f3n subregional, regional y multilateral relacionados con la transformaci\u00f3n tecnol\u00f3gica y el ecosistema digital a trav\u00e9s de modalidades de cooperaci\u00f3n Norte-Sur, Sur-Sur y triangular, incluso entre los mecanismos nacionales para el adelanto de las mujeres, que promuevan la igualdad de g\u00e9nero y la autonom\u00eda de las mujeres en toda su diversidad\u201d.<\/p>\n<p>Ayel\u00e9n Mazzina, Ministra de las Mujeres, G\u00e9neros y Diversidad de Argentina y Presidenta de la Mesa Directiva de la Conferencia Regional, agradeci\u00f3 la participaci\u00f3n de las delegaciones, destacando los resultados de la Sesi\u00f3n especial de Consulta Regional previa al 67\u00b0 per\u00edodo de sesiones de la CSW. Llam\u00f3, en este sentido, a concentrar esfuerzos en una \u201ceducaci\u00f3n libre de mandatos y estereotipos en todos los niveles\u201d y en una mayor participaci\u00f3n de las mujeres en las \u00e1reas de innovaci\u00f3n, ciencia y tecnolog\u00eda. \u201cConf\u00edo en que nos seguiremos esforzando por implementar el Compromiso de Buenos Aires con pol\u00edticas, programas y avances hacia sociedades de cuidado, sociedades m\u00e1s justas, con m\u00e1s igualdad y m\u00e1s oportunidades\u201d, subray\u00f3.<\/p>\n<p>En la Declaraci\u00f3n se acuerda \u201cfomentar la participaci\u00f3n laboral de las mujeres en toda su diversidad en \u00e1reas de ciencia, tecnolog\u00eda, ingenier\u00eda y matem\u00e1ticas, eliminando la segregaci\u00f3n laboral y todas las formas de discriminaci\u00f3n y violencia por raz\u00f3n de g\u00e9nero contra las mujeres y garantizando el trabajo decente y la igualdad salarial, en particular en sectores emergentes, entre ellos el de la econom\u00eda digital, que son clave para el cambio estructural con igualdad y la descarbonizaci\u00f3n de las econom\u00edas\u201d.<\/p>\n<p>De igual forma, las delegadas se comprometieron a \u201capoyar el emprendimiento digital de las mujeres, en particular en el comercio electr\u00f3nico, entre otras, en la esfera de la microempresa y peque\u00f1a y mediana empresa, buscar soluciones locales, elaborar contenidos pertinentes y promover la innovaci\u00f3n y la creaci\u00f3n de empleo decente\u201d.<\/p>\n<p>Seg\u00fan lo resuelto, la Declaraci\u00f3n se dar\u00e1 a conocer a las Canciller\u00edas de los Gobiernos de la regi\u00f3n como aporte de Am\u00e9rica Latina y el Caribe a la negociaci\u00f3n de las conclusiones convenidas que se aprobar\u00e1n en el 67\u00ba per\u00edodo de sesiones de la CSW (6-17 de marzo de 2023).<\/p>\n<p>Finalmente, las ministras y dem\u00e1s participantes agradecieron la presentaci\u00f3n del documento de referencia\u00a0<em><strong><a href=\"https:\/\/repositorio.cepal.org\/handle\/11362\/48701\">La igualdad de g\u00e9nero y la autonom\u00eda de las mujeres y las ni\u00f1as en la era digital: aportes de la educaci\u00f3n y la transformaci\u00f3n digital en Am\u00e9rica Latina y el Caribe<\/a><\/strong><\/em>, elaborado por la CEPAL, ONU Mujeres y la Organizaci\u00f3n de las Naciones Unidas para la Educaci\u00f3n, la Ciencia y la Cultura (UNESCO).\u00a0<\/p>\n<p>El reporte entrega un diagn\u00f3stico sobre la participaci\u00f3n de mujeres y ni\u00f1as en el ecosistema digital, y hace recomendaciones para mejorar las estad\u00edsticas nacionales, cerrar la brecha digital de g\u00e9nero y lograr la inclusi\u00f3n y seguridad digital de las mujeres y las ni\u00f1as, entre otros temas.<\/p>\n<\/div>\n","protected":false},"excerpt":{"rendered":"<p>Pa\u00edses de la regi\u00f3n se comprometieron a \u201cpromover pol\u00edticas p\u00fablicas intersectoriales que incluyan medidas de acci\u00f3n afirmativa para propiciar la participaci\u00f3n, la permanencia y la culminaci\u00f3n de la educaci\u00f3n de&hellip; <\/p>\n","protected":false},"author":2,"featured_media":0,"comment_status":"closed","ping_status":"closed","sticky":false,"template":"","format":"standard","meta":{"fifu_image_url":"","fifu_image_alt":"","footnotes":""},"categories":[11],"tags":[],"class_list":["post-1755","post","type-post","status-publish","format-standard","hentry","category-america-latina"],"_links":{"self":[{"href":"https:\/\/elmundodelapolitica.com\/v1\/wp-json\/wp\/v2\/posts\/1755","targetHints":{"allow":["GET"]}}],"collection":[{"href":"https:\/\/elmundodelapolitica.com\/v1\/wp-json\/wp\/v2\/posts"}],"about":[{"href":"https:\/\/elmundodelapolitica.com\/v1\/wp-json\/wp\/v2\/types\/post"}],"author":[{"embeddable":true,"href":"https:\/\/elmundodelapolitica.com\/v1\/wp-json\/wp\/v2\/users\/2"}],"replies":[{"embeddable":true,"href":"https:\/\/elmundodelapolitica.com\/v1\/wp-json\/wp\/v2\/comments?post=1755"}],"version-history":[{"count":0,"href":"https:\/\/elmundodelapolitica.com\/v1\/wp-json\/wp\/v2\/posts\/1755\/revisions"}],"wp:attachment":[{"href":"https:\/\/elmundodelapolitica.com\/v1\/wp-json\/wp\/v2\/media?parent=1755"}],"wp:term":[{"taxonomy":"category","embeddable":true,"href":"https:\/\/elmundodelapolitica.com\/v1\/wp-json\/wp\/v2\/categories?post=1755"},{"taxonomy":"post_tag","embeddable":true,"href":"https:\/\/elmundodelapolitica.com\/v1\/wp-json\/wp\/v2\/tags?post=1755"}],"curies":[{"name":"wp","href":"https:\/\/api.w.org\/{rel}","templated":true}]}}