{"id":1752,"date":"2023-02-12T20:20:08","date_gmt":"2023-02-13T00:20:08","guid":{"rendered":"https:\/\/elmundodelapolitica.com\/v1\/?p=1752"},"modified":"2023-02-12T20:20:08","modified_gmt":"2023-02-13T00:20:08","slug":"caf-y-j-p-morgan-promoveran-incorporacion-de-pymes-latam-en-cadenas-globales-de-valor","status":"publish","type":"post","link":"https:\/\/elmundodelapolitica.com\/v1\/caf-y-j-p-morgan-promoveran-incorporacion-de-pymes-latam-en-cadenas-globales-de-valor\/","title":{"rendered":"CAF y J.P. Morgan promover\u00e1n incorporaci\u00f3n de  Pymes Latam en cadenas globales de valor"},"content":{"rendered":"<div>\n<p>CAF -banco de desarrollo de Am\u00e9rica Latina- y J.P. Morgan suscribieron un acuerdo de cooperaci\u00f3n para impulsar el programa Cadenas Productivas Innovadoras y Resilientes en M\u00e9xico. El acuerdo canalizar\u00e1 recursos no reembolsables hacia esta iniciativa, que tiene como objetivo fortalecer capacidades de al menos 200 l\u00edderes y colaboradores de Pymes, pertenecientes a las cadenas de valor mexicanas de agroindustria, manufactura, turismo y salud, con foco en alfabetizaci\u00f3n y transformaci\u00f3n digital, innovaci\u00f3n y disminuci\u00f3n del impacto ambiental de las actividades empresariales.<\/p>\n<p>\u201cLas Pymes son importantes para la construcci\u00f3n de econom\u00edas m\u00e1s equitativas en todo el mundo. J.P. Morgan est\u00e1 complacido de trabajar con CAF en el programa Cadenas Productivas Innovadoras y Resilientes en M\u00e9xico, que contempla un enfoque global para abordar algunos de los retos a los que se enfrentan los propietarios de las Pymes desatendidas\u201d, afirm\u00f3 Felipe Garcia-Moreno, director general de J.P. Morgan para M\u00e9xico.<\/p>\n<p>El programa Cadenas Productivas Innovadoras y Resilientes en M\u00e9xico promover\u00e1 la creaci\u00f3n de econom\u00edas locales m\u00e1s inclusivas y equitativas. Las Pymes son una parte esencial en las cadenas globales de valor y este esfuerzo puede apoyar el fortalecimiento de la competitividad de M\u00e9xico.<\/p>\n<p>Gloria Gamero, directora de Financiamiento Institucional de CAF, asegur\u00f3: \u201cestamos muy complacidos con esta alianza estrat\u00e9gica con J.P Morgan porque vamos a trabajar en conjunto en inclusi\u00f3n financiera, adem\u00e1s de apoyar al Objetivo de Desarrollo Sostenible No. 8 (Promover el crecimiento econ\u00f3mico inclusivo y sostenible, el empleo y el trabajo decente para todos) para mejorar la productividad y la competitividad de las peque\u00f1as y medianas empresas en la regi\u00f3n, en l\u00ednea con nuestro objetivo de ser el banco verde y de la reactivaci\u00f3n econ\u00f3mica de Am\u00e9rica Latina y el Caribe\u201d.<\/p>\n<\/div>\n","protected":false},"excerpt":{"rendered":"<p>CAF -banco de desarrollo de Am\u00e9rica Latina- y J.P. Morgan suscribieron un acuerdo de cooperaci\u00f3n para impulsar el programa Cadenas Productivas Innovadoras y Resilientes en M\u00e9xico. El acuerdo canalizar\u00e1 recursos&hellip; <\/p>\n","protected":false},"author":2,"featured_media":0,"comment_status":"closed","ping_status":"closed","sticky":false,"template":"","format":"standard","meta":{"fifu_image_url":"","fifu_image_alt":"","footnotes":""},"categories":[11],"tags":[],"class_list":["post-1752","post","type-post","status-publish","format-standard","hentry","category-america-latina"],"_links":{"self":[{"href":"https:\/\/elmundodelapolitica.com\/v1\/wp-json\/wp\/v2\/posts\/1752","targetHints":{"allow":["GET"]}}],"collection":[{"href":"https:\/\/elmundodelapolitica.com\/v1\/wp-json\/wp\/v2\/posts"}],"about":[{"href":"https:\/\/elmundodelapolitica.com\/v1\/wp-json\/wp\/v2\/types\/post"}],"author":[{"embeddable":true,"href":"https:\/\/elmundodelapolitica.com\/v1\/wp-json\/wp\/v2\/users\/2"}],"replies":[{"embeddable":true,"href":"https:\/\/elmundodelapolitica.com\/v1\/wp-json\/wp\/v2\/comments?post=1752"}],"version-history":[{"count":0,"href":"https:\/\/elmundodelapolitica.com\/v1\/wp-json\/wp\/v2\/posts\/1752\/revisions"}],"wp:attachment":[{"href":"https:\/\/elmundodelapolitica.com\/v1\/wp-json\/wp\/v2\/media?parent=1752"}],"wp:term":[{"taxonomy":"category","embeddable":true,"href":"https:\/\/elmundodelapolitica.com\/v1\/wp-json\/wp\/v2\/categories?post=1752"},{"taxonomy":"post_tag","embeddable":true,"href":"https:\/\/elmundodelapolitica.com\/v1\/wp-json\/wp\/v2\/tags?post=1752"}],"curies":[{"name":"wp","href":"https:\/\/api.w.org\/{rel}","templated":true}]}}