{"id":1750,"date":"2023-02-12T20:14:30","date_gmt":"2023-02-13T00:14:30","guid":{"rendered":"https:\/\/elmundodelapolitica.com\/v1\/?p=1750"},"modified":"2023-02-12T20:14:30","modified_gmt":"2023-02-13T00:14:30","slug":"america-latina-enfrenta-un-crecimiento-mas-lento-e-inflacion-alta-en-medio-de-tensiones-sociales","status":"publish","type":"post","link":"https:\/\/elmundodelapolitica.com\/v1\/america-latina-enfrenta-un-crecimiento-mas-lento-e-inflacion-alta-en-medio-de-tensiones-sociales\/","title":{"rendered":"Am\u00e9rica Latina enfrenta un crecimiento m\u00e1s lento e inflaci\u00f3n alta en medio de tensiones sociales"},"content":{"rendered":"<div>\n<p>Las econom\u00edas de Am\u00e9rica Latina resistieron bien el a\u00f1o pasado a pesar de los shocks derivados de la invasi\u00f3n rusa a Ucrania y las subidas de las tasas de inter\u00e9s a nivel mundial. En 2022, la econom\u00eda de la regi\u00f3n se expandi\u00f3 casi 4%, el empleo repunt\u00f3 con fuerza y el sector de los servicios se recuper\u00f3 del da\u00f1o infligido por la pandemia.<\/p>\n<p>Las presiones inflacionarias est\u00e1n mermando en muchos pa\u00edses gracias a las acciones inmediatas y decisivas de los bancos centrales y al descenso de los precios mundiales de los alimentos y la energ\u00eda. No obstante, la inflaci\u00f3n subyacente (es decir, la que excluye los alimentos y la energ\u00eda) se mantiene en un nivel alto de alrededor del 8% en Brasil, M\u00e9xico y Chile (y algo m\u00e1s alto en Colombia, pero m\u00e1s bajo en Per\u00fa).<\/p>\n<figure class=\"wp-block-image\"><img decoding=\"async\" src=\"https:\/\/www.imf.org\/-\/media\/Images\/IMF\/Blog\/Articles\/Blog-Charts\/2023\/SP\/fig1-whd.ashx\" alt=\"\"><\/figure>\n<p>Pese a estas alentadoras noticias sobre el crecimiento y la inflaci\u00f3n, es probable que 2023 sea un a\u00f1o dif\u00edcil para la regi\u00f3n. El crecimiento este a\u00f1o apunta a desacelerarse a apenas 2%, en un contexto de tasas de inter\u00e9s m\u00e1s altas y precios m\u00e1s bajos de las materias primas. Tanto la creaci\u00f3n de empleo como el gasto de consumo en bienes y servicios est\u00e1n desaceler\u00e1ndose, y la confianza de los consumidores y las empresas est\u00e1 debilit\u00e1ndose. El crecimiento tambi\u00e9n se ver\u00e1 limitado por una desaceleraci\u00f3n en los socios comerciales, en particular Estados Unidos y la zona del euro. Adem\u00e1s, siguen predominando los riesgos a la baja, como por ejemplo los derivados de posibles condiciones financieras m\u00e1s restrictivas de lo previsto, y de la guerra de Rusia en Ucrania.<\/p>\n<p>Por otro lado,\u00a0<a href=\"https:\/\/www.imf.org\/es\/Publications\/REO\/WH\/Issues\/2022\/10\/13\/regional-economic-outlook-western-hemisphere-october-2022\">el retorno de la inflaci\u00f3n<\/a>\u00a0hacia las metas fijadas por los bancos centrales probablemente ser\u00e1 un proceso prolongado y expuesto a riesgos, por ejemplo por el aumento de presiones salariales.<\/p>\n<h2><strong>Perspectivas socioecon\u00f3micas complicadas<\/strong><\/h2>\n<p>La desaceleraci\u00f3n del crecimiento, la inflaci\u00f3n elevada y la incertidumbre mundial implican que este a\u00f1o los niveles de vida disminuir\u00e1n para mucha gente de la regi\u00f3n, y que habr\u00e1 un mayor grado de ansiedad con respecto al futuro.<\/p>\n<p>El creciente malestar social y la menor confianza en las instituciones p\u00fablicas han sido una tendencia destacada en la regi\u00f3n desde hace alg\u00fan tiempo. Las tensiones sociales sin duda se vieron exacerbadas durante la pandemia. Los m\u00e1s pobres \u2014en particular aquellos cuyos empleos consist\u00edan en servicios en persona\u2014 se llevaron la peor parte de las consecuencias econ\u00f3micas. Pese al apoyo p\u00fablico, muchos no pudieron blindarse completamente del al impacto negativo de la pandemia, como lo demuestra el notable aumento de la pobreza. La mayor inseguridad alimentaria tambi\u00e9n es un s\u00edntoma clave de los persistentes efectos socioecon\u00f3micos de la pandemia.<\/p>\n<figure class=\"wp-block-image\"><img decoding=\"async\" src=\"https:\/\/www.imf.org\/-\/media\/Images\/IMF\/Blog\/Articles\/Blog-Charts\/2023\/SP\/fig2-whd.ashx\" alt=\"\"><\/figure>\n<p>La clase media de la regi\u00f3n tambi\u00e9n se enfrenta a una situaci\u00f3n econ\u00f3mica m\u00e1s inestable. Muchas empresas peque\u00f1as sufrieron durante los confinamientos, y los salarios de los trabajadores de ingreso medio se vieron erosionados por la posterior escalada de precios.<\/p>\n<p>Para revertir estas tendencias y el impacto de la pandemia hay que restaurar la estabilidad macroecon\u00f3mica y estimular el crecimiento de manera duradera mediante reformas estructurales. Pero encontrar acuerdos para emprender reformas econ\u00f3micas razonables en un entorno de fuertes tensiones sociales ser\u00e1 una batalla cuesta arriba. Al mismo tiempo, la continua posibilidad de malestar social y paralizaci\u00f3n pol\u00edtica puede minar la confianza y ser un lastre para la actividad econ\u00f3mica.<\/p>\n<p><strong>Abrir camino<\/strong><\/p>\n<p>Pese a las evidentes dificultades, las pol\u00edticas deben centrarse en lograr la estabilidad econ\u00f3mica, estimular el crecimiento y la creaci\u00f3n de empleo, fomentar la iniciativa empresarial y atender las acuciantes necesidades sociales a las que se enfrentan muchas personas en la regi\u00f3n. Esto ayudar\u00e1 a aliviar el malestar social y a restablecer la confianza en las instituciones p\u00fablicas. Pero estas medidas exigen determinaci\u00f3n, persistencia y la creaci\u00f3n de un consenso social en torno a diversas cuestiones:<\/p>\n<ul>\n<li>Los bancos centrales no deben flaquear en su lucha para reducir la inflaci\u00f3n, que exigir\u00e1 esfuerzos denodados. En muchas econom\u00edas de la regi\u00f3n est\u00e1 aproxim\u00e1ndose el fin de las subidas de las tasas de inter\u00e9s, pero estas probablemente tendr\u00e1n que permanecer en niveles altos por alg\u00fan tiempo para garantizar que la inflaci\u00f3n vuelva a descender a los niveles fijados como meta.<\/li>\n<\/ul>\n<ul>\n<li>La pol\u00edtica fiscal tendr\u00e1 que hacer hincapi\u00e9 en el gasto social para ayudar a los pobres y al mismo tiempo en reducir la deuda p\u00fablica. Para alcanzar estas metas ser\u00e1 necesario movilizar ingresos de una manera progresiva, favorable al crecimiento y equitativa. La confianza en el gobierno seguir\u00e1 vi\u00e9ndose socavada mientras los\u00a0<a href=\"https:\/\/www.imf.org\/es\/Publications\/REO\/WH\/Issues\/2020\/10\/13\/regional-economic-outlook-western-hemisphere\">ricos no paguen la proporci\u00f3n de impuestos<\/a>\u00a0que les corresponde. Es igualmente importante que los gobiernos establezcan claras prioridades en el gasto y busquen formas de apuntalar la credibilidad de las instituciones p\u00fablicas, con buena gobernanza y transparencia.<\/li>\n<li>Se deben seguir mejorando las redes de protecci\u00f3n en la regi\u00f3n, construyendo sobre los avances recientes, a fin de garantizar asistencia social fiable y suficientemente generosa para quienes m\u00e1s la necesiten.<\/li>\n<li>Estas medidas no deben reemplazar los cambios de pol\u00edticas m\u00e1s profundos que son necesarios para mejorar la productividad, promover la inversi\u00f3n y facilitar la creaci\u00f3n de empleo. Esas reformas ser\u00e1n, a la larga, el camino principal para elevar los niveles de vida de la poblaci\u00f3n de la regi\u00f3n.<\/li>\n<\/ul>\n<figure class=\"wp-block-image\"><img decoding=\"async\" src=\"https:\/\/www.imf.org\/-\/media\/Images\/IMF\/Blog\/Articles\/Blog-Charts\/2023\/SP\/fig3-whd.ashx?h=864&amp;w=503\" alt=\"\"><\/figure>\n<figure class=\"wp-block-image\"><img decoding=\"async\" src=\"https:\/\/www.imf.org\/-\/media\/Images\/IMF\/Blog\/Articles\/Blog-Charts\/2023\/SP\/fig4-whd.ashx\" alt=\"\"><\/figure>\n<\/div>\n","protected":false},"excerpt":{"rendered":"<p>Las econom\u00edas de Am\u00e9rica Latina resistieron bien el a\u00f1o pasado a pesar de los shocks derivados de la invasi\u00f3n rusa a Ucrania y las subidas de las tasas de inter\u00e9s&hellip; <\/p>\n","protected":false},"author":2,"featured_media":1751,"comment_status":"closed","ping_status":"closed","sticky":false,"template":"","format":"standard","meta":{"fifu_image_url":"https:\/\/www.imf.org\/-\/media\/Images\/IMF\/Blog\/Articles\/Blog-Charts\/2023\/SP\/fig1-whd.ashx","fifu_image_alt":"Am\u00e9rica Latina enfrenta un crecimiento m\u00e1s lento e inflaci\u00f3n alta en medio de tensiones sociales","footnotes":""},"categories":[11],"tags":[],"class_list":["post-1750","post","type-post","status-publish","format-standard","has-post-thumbnail","hentry","category-america-latina"],"_links":{"self":[{"href":"https:\/\/elmundodelapolitica.com\/v1\/wp-json\/wp\/v2\/posts\/1750","targetHints":{"allow":["GET"]}}],"collection":[{"href":"https:\/\/elmundodelapolitica.com\/v1\/wp-json\/wp\/v2\/posts"}],"about":[{"href":"https:\/\/elmundodelapolitica.com\/v1\/wp-json\/wp\/v2\/types\/post"}],"author":[{"embeddable":true,"href":"https:\/\/elmundodelapolitica.com\/v1\/wp-json\/wp\/v2\/users\/2"}],"replies":[{"embeddable":true,"href":"https:\/\/elmundodelapolitica.com\/v1\/wp-json\/wp\/v2\/comments?post=1750"}],"version-history":[{"count":0,"href":"https:\/\/elmundodelapolitica.com\/v1\/wp-json\/wp\/v2\/posts\/1750\/revisions"}],"wp:featuredmedia":[{"embeddable":true,"href":"https:\/\/elmundodelapolitica.com\/v1\/wp-json\/wp\/v2\/media\/1751"}],"wp:attachment":[{"href":"https:\/\/elmundodelapolitica.com\/v1\/wp-json\/wp\/v2\/media?parent=1750"}],"wp:term":[{"taxonomy":"category","embeddable":true,"href":"https:\/\/elmundodelapolitica.com\/v1\/wp-json\/wp\/v2\/categories?post=1750"},{"taxonomy":"post_tag","embeddable":true,"href":"https:\/\/elmundodelapolitica.com\/v1\/wp-json\/wp\/v2\/tags?post=1750"}],"curies":[{"name":"wp","href":"https:\/\/api.w.org\/{rel}","templated":true}]}}