{"id":1741,"date":"2023-02-12T23:05:55","date_gmt":"2023-02-13T03:05:55","guid":{"rendered":"https:\/\/elmundodelapolitica.com\/v1\/?p=1741"},"modified":"2023-02-12T23:05:58","modified_gmt":"2023-02-13T03:05:58","slug":"comision-de-transporte-del-senado-favorece-la-ampliacion-del-horario-matutino-del-metro-santo-domingo","status":"publish","type":"post","link":"https:\/\/elmundodelapolitica.com\/v1\/comision-de-transporte-del-senado-favorece-la-ampliacion-del-horario-matutino-del-metro-santo-domingo\/","title":{"rendered":"Comisi\u00f3n de Transporte del Senado favorece la ampliaci\u00f3n del horario matutino del Metro Santo Domingo"},"content":{"rendered":"\n<p>Con la presencia del director de la OPRET, los comisionados analizaron una iniciativa que sometieron los senadores Antonio Taveras Guzm\u00e1n y Antonio Marte.<\/p>\n\n\n\n<p>Santo Domingo. R.D.- La Comisi\u00f3n Permanente de Transporte y Telecomunicaciones del Senado de la Rep\u00fablica, presidida por el senador Jos\u00e9 Del Castillo Savi\u00f1\u00f3n, escuch\u00f3 la opini\u00f3n del director de la Oficina para el Reordenamiento del Transporte (OPRET), Rafael Santos, en torno a la iniciativa de Resoluci\u00f3n que solicita la ampliaci\u00f3n del horario de servicios del Metro de Santo Domingo.<\/p>\n\n\n\n<p>Al exponer frente a los senadores, Rafael Santos sostuvo que, en el caso de la l\u00ednea uno del Metro de Santo Domingo, la OPRET ya tiene lista la ampliaci\u00f3n de su horario, por medio de trenes circulen con seis vagones, en vez de tres. Sostuvo que lo mismo va a ocurrir pr\u00f3ximamente con la l\u00ednea dos, que muy pronto estar\u00e1 llegando hasta Los Alcarrizos.<\/p>\n\n\n\n<p>Luego de escuchar al funcionario y tras haber analizado la iniciativa, Comisi\u00f3n Permanente de Transporte y Telecomunicaciones del Senado acord\u00f3 rendir un informe favorable al Pleno senatorial sobre la iniciativa presentada por los senadores Antonio Taveras Guzm\u00e1n (Provincia Santo Domingo) y Antonio Marte (Santiago Rodr\u00edguez).<\/p>\n\n\n\n<p>La pieza fue motivada por la preocupaci\u00f3n de los usuarios de este sistema de transporte, especialmente cuando en horas de la ma\u00f1ana deben trasladarse a realizar sus actividades cotidianas.<\/p>\n\n\n\n<p>En la reuni\u00f3n de este jueves estuvieron presentes los senadores Jos\u00e9 del Castillo Savi\u00f1\u00f3n (Barahona); L\u00eda D\u00edaz Santana (Azua); Antonio Marte (Santiago Rodr\u00edguez); Ricardo de los Santos (S\u00e1nchez Ram\u00edrez); y David Sosa (Dajab\u00f3n).<\/p>\n","protected":false},"excerpt":{"rendered":"<p>Con la presencia del director de la OPRET, los comisionados analizaron una iniciativa que sometieron los senadores Antonio Taveras Guzm\u00e1n y Antonio Marte. Santo Domingo. R.D.- La Comisi\u00f3n Permanente de&hellip; <\/p>\n","protected":false},"author":2,"featured_media":1742,"comment_status":"closed","ping_status":"closed","sticky":false,"template":"","format":"standard","meta":{"fifu_image_url":"","fifu_image_alt":"","footnotes":""},"categories":[18],"tags":[],"class_list":["post-1741","post","type-post","status-publish","format-standard","has-post-thumbnail","hentry","category-senadores"],"_links":{"self":[{"href":"https:\/\/elmundodelapolitica.com\/v1\/wp-json\/wp\/v2\/posts\/1741","targetHints":{"allow":["GET"]}}],"collection":[{"href":"https:\/\/elmundodelapolitica.com\/v1\/wp-json\/wp\/v2\/posts"}],"about":[{"href":"https:\/\/elmundodelapolitica.com\/v1\/wp-json\/wp\/v2\/types\/post"}],"author":[{"embeddable":true,"href":"https:\/\/elmundodelapolitica.com\/v1\/wp-json\/wp\/v2\/users\/2"}],"replies":[{"embeddable":true,"href":"https:\/\/elmundodelapolitica.com\/v1\/wp-json\/wp\/v2\/comments?post=1741"}],"version-history":[{"count":1,"href":"https:\/\/elmundodelapolitica.com\/v1\/wp-json\/wp\/v2\/posts\/1741\/revisions"}],"predecessor-version":[{"id":1743,"href":"https:\/\/elmundodelapolitica.com\/v1\/wp-json\/wp\/v2\/posts\/1741\/revisions\/1743"}],"wp:featuredmedia":[{"embeddable":true,"href":"https:\/\/elmundodelapolitica.com\/v1\/wp-json\/wp\/v2\/media\/1742"}],"wp:attachment":[{"href":"https:\/\/elmundodelapolitica.com\/v1\/wp-json\/wp\/v2\/media?parent=1741"}],"wp:term":[{"taxonomy":"category","embeddable":true,"href":"https:\/\/elmundodelapolitica.com\/v1\/wp-json\/wp\/v2\/categories?post=1741"},{"taxonomy":"post_tag","embeddable":true,"href":"https:\/\/elmundodelapolitica.com\/v1\/wp-json\/wp\/v2\/tags?post=1741"}],"curies":[{"name":"wp","href":"https:\/\/api.w.org\/{rel}","templated":true}]}}