{"id":1738,"date":"2023-02-12T23:03:51","date_gmt":"2023-02-13T03:03:51","guid":{"rendered":"https:\/\/elmundodelapolitica.com\/v1\/?p=1738"},"modified":"2023-02-12T23:03:53","modified_gmt":"2023-02-13T03:03:53","slug":"gobierno-retira-proyecto-ley-de-trata-para-producir-mayor-consenso","status":"publish","type":"post","link":"https:\/\/elmundodelapolitica.com\/v1\/gobierno-retira-proyecto-ley-de-trata-para-producir-mayor-consenso\/","title":{"rendered":"Gobierno retira proyecto Ley de Trata para producir mayor consenso"},"content":{"rendered":"\n<p>Santo Domingo.- El vocero y director de Estrategia y Comunicaci\u00f3n de la Presidencia,<strong>&nbsp;Homero Figueroa<\/strong>, inform\u00f3 este domingo que el&nbsp;<strong>Presidente Luis Abinader instruy\u00f3 a retirar del Congreso el proyecto relativo a Explotaci\u00f3n y Tr\u00e1fico Il\u00edcito de Migrantes<\/strong>&nbsp;sometido por el Poder Ejecutivo al Congreso Nacional,&nbsp;<strong>para lograr el consenso p\u00fablico necesario<\/strong>.<\/p>\n\n\n\n<p>Figueroa indic\u00f3 que esta acci\u00f3n se hace respondiendo a la&nbsp;<strong>inquietud ciudadana<\/strong>&nbsp;producida por dicho proyecto y que&nbsp;<strong>su reintroducci\u00f3n se har\u00e1 en un plazo no mayor a los 45 d\u00edas.<\/strong><\/p>\n\n\n\n<p>Asimismo, reiter\u00f3 que el gobierno del Presidente Luis Abinader no<strong>&nbsp;aceptar\u00e1 ning\u00fan acuerdo o norma que convierta al pa\u00eds en receptor de ciudadanos haitianos<\/strong>&nbsp;afectados por la inestabilidad pol\u00edtica en Hait\u00ed.<\/p>\n\n\n\n<p><em>\"Como vocero del Presidente Luis Abinader reitero la posici\u00f3n oficial: Este gobierno no aceptar\u00e1 ning\u00fan acuerdo o norma que nos convierta en receptor de ciudadanos haitianos afectados por la inestabilidad pol\u00edtica en Hait\u00ed. La raz\u00f3n es simple: como pa\u00eds de recursos limitados el suministro de servicios p\u00fablicos a la poblaci\u00f3n migrante irregular impacta negativamente las pol\u00edticas sociales dirigidas a los ciudadanos dominicanos\",<\/em>&nbsp;expres\u00f3 Figueroa.<\/p>\n\n\n\n<p>A trav\u00e9s de una declaraci\u00f3n difundida por el Palacio Nacional, el vocero y director de Estrategia y Comunicaci\u00f3n de la Presidencia indic\u00f3 que&nbsp;<strong>este proyecto responde a un compromiso asumido por el pa\u00eds como signatario de varias convenciones internacionales.<\/strong><\/p>\n\n\n\n<p><em>\"Pero como sociedad democr\u00e1tica que somos, conviene que el sometimiento de cualquier proyecto de Ley sea corregido por el debate civilizado y la cr\u00edtica constructiva. Recuerden que somos un gobierno que escucha. Nunca hemos dudado, cada vez que las circunstancias lo han exigido, en tomar la decisi\u00f3n m\u00e1s conveniente al inter\u00e9s nacional\",<\/em>&nbsp;asegur\u00f3.<\/p>\n\n\n\n<p>Figueroa se\u00f1al\u00f3 que se debe tener presente que&nbsp;<strong>la ausencia del imperio de la ley en Hait\u00ed implica riesgos pol\u00edticos, sociales, econ\u00f3micos y de seguridad permanentes para la Rep\u00fablica Dominicana<\/strong>, por lo que este es el momento de estar unidos para defender la Patria.<\/p>\n\n\n\n<p><em>\"Todos debemos sentarnos del mismo lado de la mesa nacional. La defensa en\u00e9rgica y responsable ante cualquier injerencia externa caracteriza al gobierno del Presidente Luis Abinader. Esta no ser\u00e1 la excepci\u00f3n\"<\/em>, asegur\u00f3.<\/p>\n\n\n\n<p>Y agreg\u00f3:&nbsp;<em>\"Hait\u00ed es un problema para los haitianos y la comunidad internacional. Una vez m\u00e1s, para que quede claro, no hay ni habr\u00e1 soluci\u00f3n dominicana para el problema haitiano\".<\/em><\/p>\n","protected":false},"excerpt":{"rendered":"<p>Santo Domingo.- El vocero y director de Estrategia y Comunicaci\u00f3n de la Presidencia,&nbsp;Homero Figueroa, inform\u00f3 este domingo que el&nbsp;Presidente Luis Abinader instruy\u00f3 a retirar del Congreso el proyecto relativo a&hellip; <\/p>\n","protected":false},"author":2,"featured_media":1739,"comment_status":"closed","ping_status":"closed","sticky":false,"template":"","format":"standard","meta":{"fifu_image_url":"","fifu_image_alt":"","footnotes":""},"categories":[63],"tags":[],"class_list":["post-1738","post","type-post","status-publish","format-standard","has-post-thumbnail","hentry","category-actualidad"],"_links":{"self":[{"href":"https:\/\/elmundodelapolitica.com\/v1\/wp-json\/wp\/v2\/posts\/1738","targetHints":{"allow":["GET"]}}],"collection":[{"href":"https:\/\/elmundodelapolitica.com\/v1\/wp-json\/wp\/v2\/posts"}],"about":[{"href":"https:\/\/elmundodelapolitica.com\/v1\/wp-json\/wp\/v2\/types\/post"}],"author":[{"embeddable":true,"href":"https:\/\/elmundodelapolitica.com\/v1\/wp-json\/wp\/v2\/users\/2"}],"replies":[{"embeddable":true,"href":"https:\/\/elmundodelapolitica.com\/v1\/wp-json\/wp\/v2\/comments?post=1738"}],"version-history":[{"count":1,"href":"https:\/\/elmundodelapolitica.com\/v1\/wp-json\/wp\/v2\/posts\/1738\/revisions"}],"predecessor-version":[{"id":1740,"href":"https:\/\/elmundodelapolitica.com\/v1\/wp-json\/wp\/v2\/posts\/1738\/revisions\/1740"}],"wp:featuredmedia":[{"embeddable":true,"href":"https:\/\/elmundodelapolitica.com\/v1\/wp-json\/wp\/v2\/media\/1739"}],"wp:attachment":[{"href":"https:\/\/elmundodelapolitica.com\/v1\/wp-json\/wp\/v2\/media?parent=1738"}],"wp:term":[{"taxonomy":"category","embeddable":true,"href":"https:\/\/elmundodelapolitica.com\/v1\/wp-json\/wp\/v2\/categories?post=1738"},{"taxonomy":"post_tag","embeddable":true,"href":"https:\/\/elmundodelapolitica.com\/v1\/wp-json\/wp\/v2\/tags?post=1738"}],"curies":[{"name":"wp","href":"https:\/\/api.w.org\/{rel}","templated":true}]}}