{"id":1734,"date":"2023-02-12T23:01:46","date_gmt":"2023-02-13T03:01:46","guid":{"rendered":"https:\/\/elmundodelapolitica.com\/v1\/?p=1734"},"modified":"2023-02-12T23:01:49","modified_gmt":"2023-02-13T03:01:49","slug":"leonel-fernandez-solicita-retirar-proyecto-de-trata-de-blancas","status":"publish","type":"post","link":"https:\/\/elmundodelapolitica.com\/v1\/leonel-fernandez-solicita-retirar-proyecto-de-trata-de-blancas\/","title":{"rendered":"Leonel Fern\u00e1ndez solicita retirar proyecto de trata de blancas"},"content":{"rendered":"\n<p>El exmandatario entiende que la iniciativa violenta la autodeterminaci\u00f3n y la soberan\u00eda nacional<br>Santo Domingo Norte.- El presidente de la Fuerza del Pueblo Leonel Fern\u00e1ndez solicit\u00f3 al presidente Luis Abinader retirar el proyecto de trata de blancas por ser violatorio a la soberan\u00eda del pueblo dominicano.<\/p>\n\n\n\n<p>El proyecto fue sometido al Senado de la Rep\u00fablica por el Poder Ejecutivo, y ha generado un rechazo casi generalizado de la sociedad dominicana.<\/p>\n\n\n\n<figure class=\"wp-block-video\"><video height=\"480\" style=\"aspect-ratio: 848 \/ 480;\" width=\"848\" controls src=\"https:\/\/elmundodelapolitica.com\/v1\/wp-content\/uploads\/2023\/02\/WhatsApp-Video-2023-02-12-at-1.42.45-PM.mp4\"><\/video><\/figure>\n\n\n\n<p>El ex presidente Fern\u00e1ndez expres\u00f3 que ese proyecto lo que persigue es que la naci\u00f3n no pueda deportar a los inmigrantes ilegales que est\u00e9n en territorio dominicano.<\/p>\n\n\n\n<p>El presidente de la Fuerza del Pueblo hablo este domingo en un acto de juramentacion de nuevos miembros en Los Guaricanos de Santo Domingo Norte.<\/p>\n\n\n\n<p>El acto de juramentaci\u00f3n se desarroll\u00f3 en el play de Osiris en Guaricanos, Santo Domingo Norte donde juramentaron a cientos de nuevos militantes de la organizaci\u00f3n pol\u00edtica m\u00e1s joven del sistema de partidos del pa\u00eds.<\/p>\n\n\n\n<p>Los nuevos juramentados en la FP provenientes de los partido PRM, PLD, entre otras fuerzas pol\u00edticas lo har\u00e1n junto a sus equipos de trabajo, militantes y simpatizantes de las entidades a las cuales pertenec\u00edan.<\/p>\n\n\n\n<p>Entre los juramentados se encuentra el dirigente pol\u00edtico y empresario presidente de la liga deportiva Osiris Rayner Contreras, el cual viene de una data trayectoria y experiencia Deportiva desde las misma extra\u00f1as del pueblo obtenido grandes logros en el mundo deportivo.<\/p>\n\n\n\n<p>Ex-Pelotero Profesional el cual adquiri\u00f3 su primer contrato con la organizaci\u00f3n de los padres de San Diego, para mas tarde luego de 6 temporadas, los Astros de Houston le firman por dos a\u00f1os, destac\u00e1ndose y poniendo en alto la Republica Dominicana, pais donde tambi\u00e9n nos represento con el equipo de los Leones del Escogidos.<\/p>\n\n\n\n<p>En la actualidad se desempe\u00f1a en varios negocios, siendo un prospero empresario, adem\u00e1s es presidente de la Liga Deportiva Osiris y Academia de Baseball Rayner Contreras, es Scout en (BBT) Best Basseball Talent, realizando un hermoso y valioso trabajo con ni\u00f1os de barrios populosos, lo que le lleva a realizar sus sue\u00f1os, inaugurando su Fundaci\u00f3n Rayner Contreras, de la Cual es Presidente.<\/p>\n\n\n\n<p>Rayner Contreras es un dirigente muy querido en su municipio de Santo Domingo Norte, fue jefe de campa\u00f1a del Ex Alcalde Francisco Fern\u00e1ndez y del dirigente pol\u00edtico Nelson Fulcar el PRM pierde un gran dirigente pol\u00edtico y empresario al ser juramentado por la fuerza del pueblo y propio presidente Leonel Fern\u00e1ndez.<\/p>\n","protected":false},"excerpt":{"rendered":"<p>El exmandatario entiende que la iniciativa violenta la autodeterminaci\u00f3n y la soberan\u00eda nacionalSanto Domingo Norte.- El presidente de la Fuerza del Pueblo Leonel Fern\u00e1ndez solicit\u00f3 al presidente Luis Abinader retirar&hellip; <\/p>\n","protected":false},"author":2,"featured_media":1735,"comment_status":"closed","ping_status":"closed","sticky":false,"template":"","format":"standard","meta":{"fifu_image_url":"","fifu_image_alt":"","footnotes":""},"categories":[63],"tags":[],"class_list":["post-1734","post","type-post","status-publish","format-standard","has-post-thumbnail","hentry","category-actualidad"],"_links":{"self":[{"href":"https:\/\/elmundodelapolitica.com\/v1\/wp-json\/wp\/v2\/posts\/1734","targetHints":{"allow":["GET"]}}],"collection":[{"href":"https:\/\/elmundodelapolitica.com\/v1\/wp-json\/wp\/v2\/posts"}],"about":[{"href":"https:\/\/elmundodelapolitica.com\/v1\/wp-json\/wp\/v2\/types\/post"}],"author":[{"embeddable":true,"href":"https:\/\/elmundodelapolitica.com\/v1\/wp-json\/wp\/v2\/users\/2"}],"replies":[{"embeddable":true,"href":"https:\/\/elmundodelapolitica.com\/v1\/wp-json\/wp\/v2\/comments?post=1734"}],"version-history":[{"count":1,"href":"https:\/\/elmundodelapolitica.com\/v1\/wp-json\/wp\/v2\/posts\/1734\/revisions"}],"predecessor-version":[{"id":1737,"href":"https:\/\/elmundodelapolitica.com\/v1\/wp-json\/wp\/v2\/posts\/1734\/revisions\/1737"}],"wp:featuredmedia":[{"embeddable":true,"href":"https:\/\/elmundodelapolitica.com\/v1\/wp-json\/wp\/v2\/media\/1735"}],"wp:attachment":[{"href":"https:\/\/elmundodelapolitica.com\/v1\/wp-json\/wp\/v2\/media?parent=1734"}],"wp:term":[{"taxonomy":"category","embeddable":true,"href":"https:\/\/elmundodelapolitica.com\/v1\/wp-json\/wp\/v2\/categories?post=1734"},{"taxonomy":"post_tag","embeddable":true,"href":"https:\/\/elmundodelapolitica.com\/v1\/wp-json\/wp\/v2\/tags?post=1734"}],"curies":[{"name":"wp","href":"https:\/\/api.w.org\/{rel}","templated":true}]}}