{"id":1729,"date":"2023-02-12T22:50:40","date_gmt":"2023-02-13T02:50:40","guid":{"rendered":"https:\/\/elmundodelapolitica.com\/v1\/?p=1729"},"modified":"2023-02-12T22:50:43","modified_gmt":"2023-02-13T02:50:43","slug":"abel-martinez-pueblo-no-votara-por-el-que-se-vende-ni-por-el-que-compra-voluntades","status":"publish","type":"post","link":"https:\/\/elmundodelapolitica.com\/v1\/abel-martinez-pueblo-no-votara-por-el-que-se-vende-ni-por-el-que-compra-voluntades\/","title":{"rendered":"Abel Mart\u00ednez: \u201cPueblo no votar\u00e1 por el que se vende, ni por el que compra voluntades\u201d"},"content":{"rendered":"\n<p>A consideraci\u00f3n del candidato presidencial Abel Mart\u00ednez, el PRM se enfrenta a una segura derrota en las dos contiendas electorales del 2024, muy a pesar del escenario de compraventa de dirigentes que han establecido desde el gobierno.<\/p>\n\n\n\n<p>Mart\u00ednez vaticin\u00f3 que el Partido de la Liberaci\u00f3n Dominicana (PLD) ganar\u00e1 ampliamente la municipalidad y posteriormente las elecciones presidenciales en primera vuelta y las congresuales con c\u00f3modo margen.<\/p>\n\n\n\n<p>\u201cEl gobierno del PRM est\u00e1 haciendo un c\u00e1lculo errado porque comprar alcaldes no significa que compran al pueblo y hay que destacar que las candidaturas municipales que m\u00e1s seguras tenemos, est\u00e1n precisamente donde han comprado alcaldes del PLD, porque eso no significa que han comprado la dignidad de los que viven all\u00ed, la conciencia del ciudadano se va a inclinar por quien presente la mejor oferta y la mejor idea para que su ciudad y su municipio quede en manos seguras y definitivamente no votar\u00e1n por el que se venda ni por el que compra\u201d, expres\u00f3 al ser abordado por la prensa.<\/p>\n\n\n\n<p>Abel Mart\u00ednez inform\u00f3 que al PLD han ingresado m\u00e1s de 600 mil nuevos miembros y que esa organizaci\u00f3n pol\u00edtica cuenta actualmente con la mayor estructura org\u00e1nica compuesta por comit\u00e9s intermedios, comit\u00e9s de base, as\u00ed como direcciones provinciales, municipales y de distritos municipales reales en cada rinc\u00f3n del pa\u00eds, por lo que, \u201cnada podr\u00e1 despintarle al PRM la vergonzosa derrota que enfrentar\u00e1n en 2024\u201d.<\/p>\n\n\n\n<p>\u201cEn Santiago de Los Caballeros estamos en primer lugar muy lejos del candidato del gobierno; en las 14 provincias del Cibao llevamos una ventaja significativa y a nivel nacional estamos compitiendo con el primer lugar muy pegados\u201d, indic\u00f3 Mart\u00ednez, asegurando que eso se debe, adem\u00e1s, al intenso proceso de renovaci\u00f3n de las estructuras en todo el territorio nacional, convirtiendo al partido de la estrella amarilla en la fuerza electoral m\u00e1s poderosa de Rep\u00fablica Dominicana.<\/p>\n\n\n\n<p>Posici\u00f3n sobre las delegaciones diplom\u00e1ticas dominicanas<\/p>\n\n\n\n<p>Durante el recorrido realizado en Puerto Plata, en donde Abel Mart\u00ednez sostuvo encuentros con representantes de la iglesia cat\u00f3lica, as\u00ed como con profesionales, j\u00f3venes, comunitarios y miembros de la prensa, el candidato presidencial expres\u00f3 su postura en torno a lo que debe ser el trabajo de los miembros de las delegaciones diplom\u00e1ticas del pa\u00eds en el exterior.<\/p>\n\n\n\n<p>\u201cLas representaciones diplom\u00e1ticas de un pa\u00eds deben servir para estrechar lazos comerciales, para defender los intereses de los dominicanos y del pa\u00eds en el lugar en que est\u00e9n asignados, por tanto, en un gobierno nuestro, los consulados y las embajadas deben convertirse en aliados de la producci\u00f3n nacional para fines de aumentar las exportaciones y las inversiones a favor de nuestro pa\u00eds en eso deben convertirse, en representaciones dignas del Estado y de los dominicanos\u201d.<\/p>\n\n\n\n<p>Abel Mart\u00ednez estuvo acompa\u00f1ado por la dirigencia del PLD en Puerto Plata y por los miembros que tienen responsabilidades dentro de su campa\u00f1a electoral en esa provincia, entre ellos, la miembro del Comit\u00e9 Pol\u00edtico y enlace provincial, Iris Guaba, junto a los miembros del Comit\u00e9 Central, Vladimir C\u00e9spedes y Javier Clark, Pdte. Y vicepresidente provincial respectivamente; F\u00e9lix Castillo, diputado; Wady Musa, presidente municipal; Walter Musa, exalcalde; Martha Mart\u00ednez, secretaria provincial; Jes\u00fas Rafael Cabrera, Enc. asuntos empresariales y C\u00e9sar Pe\u00f1a, director de estrategia, entre otros coordinadores y directores municipales.<\/p>\n","protected":false},"excerpt":{"rendered":"<p>A consideraci\u00f3n del candidato presidencial Abel Mart\u00ednez, el PRM se enfrenta a una segura derrota en las dos contiendas electorales del 2024, muy a pesar del escenario de compraventa de&hellip; <\/p>\n","protected":false},"author":2,"featured_media":1730,"comment_status":"closed","ping_status":"open","sticky":false,"template":"","format":"standard","meta":{"fifu_image_url":"","fifu_image_alt":"","footnotes":""},"categories":[5],"tags":[],"class_list":["post-1729","post","type-post","status-publish","format-standard","has-post-thumbnail","hentry","category-partidos"],"_links":{"self":[{"href":"https:\/\/elmundodelapolitica.com\/v1\/wp-json\/wp\/v2\/posts\/1729","targetHints":{"allow":["GET"]}}],"collection":[{"href":"https:\/\/elmundodelapolitica.com\/v1\/wp-json\/wp\/v2\/posts"}],"about":[{"href":"https:\/\/elmundodelapolitica.com\/v1\/wp-json\/wp\/v2\/types\/post"}],"author":[{"embeddable":true,"href":"https:\/\/elmundodelapolitica.com\/v1\/wp-json\/wp\/v2\/users\/2"}],"replies":[{"embeddable":true,"href":"https:\/\/elmundodelapolitica.com\/v1\/wp-json\/wp\/v2\/comments?post=1729"}],"version-history":[{"count":1,"href":"https:\/\/elmundodelapolitica.com\/v1\/wp-json\/wp\/v2\/posts\/1729\/revisions"}],"predecessor-version":[{"id":1731,"href":"https:\/\/elmundodelapolitica.com\/v1\/wp-json\/wp\/v2\/posts\/1729\/revisions\/1731"}],"wp:featuredmedia":[{"embeddable":true,"href":"https:\/\/elmundodelapolitica.com\/v1\/wp-json\/wp\/v2\/media\/1730"}],"wp:attachment":[{"href":"https:\/\/elmundodelapolitica.com\/v1\/wp-json\/wp\/v2\/media?parent=1729"}],"wp:term":[{"taxonomy":"category","embeddable":true,"href":"https:\/\/elmundodelapolitica.com\/v1\/wp-json\/wp\/v2\/categories?post=1729"},{"taxonomy":"post_tag","embeddable":true,"href":"https:\/\/elmundodelapolitica.com\/v1\/wp-json\/wp\/v2\/tags?post=1729"}],"curies":[{"name":"wp","href":"https:\/\/api.w.org\/{rel}","templated":true}]}}