{"id":1684,"date":"2023-02-05T21:01:06","date_gmt":"2023-02-06T01:01:06","guid":{"rendered":"https:\/\/elmundodelapolitica.com\/v1\/?p=1684"},"modified":"2023-02-05T21:01:08","modified_gmt":"2023-02-06T01:01:08","slug":"abel-martinez-pide-al-gobierno-ir-en-auxilio-de-arroceros-ante-las-consecuencias-del-dr-cafta","status":"publish","type":"post","link":"https:\/\/elmundodelapolitica.com\/v1\/abel-martinez-pide-al-gobierno-ir-en-auxilio-de-arroceros-ante-las-consecuencias-del-dr-cafta\/","title":{"rendered":"Abel Mart\u00ednez pide al Gobierno ir en auxilio de arroceros ante las consecuencias del DR-CAFTA"},"content":{"rendered":"\n<p>Abel Mart\u00ednez pide al Gobierno ir en auxilio de arroceros ante las consecuencias del DR-CAFTA<\/p>\n\n\n\n<p>El candidato presidencial del Partido de la Liberaci\u00f3n Dominicana, (PLD) Abel Mart\u00ednez, inst\u00f3 al Gobierno a poner atenci\u00f3n a los reclamos que hacen los productores nacionales de arroz, ante la amenaza que representa la eliminaci\u00f3n del pago de aranceles a la importaci\u00f3n previsto en el Tratado de Libre Comercio entre los Estados Unidos, Centroam\u00e9rica y Rep\u00fablica Dominicana (DR-CAFTA).<\/p>\n\n\n\n<p>Durante una amplia jornada de contactos y visitas en la provincia de La Vega, Mart\u00ednez abord\u00f3 las problem\u00e1ticas que afectan este sector, que su juicio, ha sido abandonado a su suerte, a pesar de ser un basti\u00f3n importante para la econom\u00eda dominicana.<\/p>\n\n\n\n<p>\u201cLos arroceros en 21 provincias del pa\u00eds mueven 28,000 millones impactando a unos 350,000 dominicanos de manera directa e indirecta que viven de la producci\u00f3n de arroz. La producci\u00f3n nacional debe protegerse y recordemos que en el 2004 cuando el PRM era PRD, fueron los que no supieron defender a los productores de arroz y acordaron una fuerte desgravaci\u00f3n arancelaria a partir del pr\u00f3ximo a\u00f1o en el DR-CAFTA, a pesar del arroz ser un producto altamente sensible de la econom\u00eda rural\u201d, se\u00f1al\u00f3 Abel.<\/p>\n\n\n\n<p>El candidato presidencial asegur\u00f3 que es necesario impulsar la producci\u00f3n de arroz considerando que a partir del a\u00f1o entrante los productores locales no tendr\u00e1n capacidad para competir en buena lid, con productores como los de Estados Unidos que reciben mil millones de d\u00f3lares en subsidios.<\/p>\n\n\n\n<p>\u201c\u00bfD\u00f3nde est\u00e1n los t\u00e9cnicos, d\u00f3nde est\u00e1n los insumos a bajo precio, d\u00f3nde est\u00e1 la tecnolog\u00eda para que puedan compartir en buena lid con otros productores?. Los arroceros vienen de generaci\u00f3n en generaci\u00f3n, del abuelo al padre, del padre al hijo, del hijo a las dem\u00e1s generaciones y hoy est\u00e1n ahogados, muchos pensando en dejar la producci\u00f3n, y yo les digo: no la dejen. En un a\u00f1o y cuatro meses la suerte de este pa\u00eds va a cambiar para bien\u201d, expres\u00f3 Mart\u00ednez.<\/p>\n\n\n\n<p>El alto dirigente pol\u00edtico asegur\u00f3 que no se defendi\u00f3 la producci\u00f3n local en su momento y que \u201cincluir el arroz en el DR-CAFTA constituy\u00f3 una decisi\u00f3n errada y negativa para los productores dominicanos, destacando que cada a\u00f1o en el pa\u00eds, 32 mil productores cultivan m\u00e1s de tres millones de tareas de tierra dedicadas a la cosecha de arroz.<\/p>\n","protected":false},"excerpt":{"rendered":"<p>Abel Mart\u00ednez pide al Gobierno ir en auxilio de arroceros ante las consecuencias del DR-CAFTA El candidato presidencial del Partido de la Liberaci\u00f3n Dominicana, (PLD) Abel Mart\u00ednez, inst\u00f3 al Gobierno&hellip; <\/p>\n","protected":false},"author":2,"featured_media":1685,"comment_status":"closed","ping_status":"closed","sticky":false,"template":"","format":"standard","meta":{"fifu_image_url":"","fifu_image_alt":"","footnotes":""},"categories":[63],"tags":[],"class_list":["post-1684","post","type-post","status-publish","format-standard","has-post-thumbnail","hentry","category-actualidad"],"_links":{"self":[{"href":"https:\/\/elmundodelapolitica.com\/v1\/wp-json\/wp\/v2\/posts\/1684","targetHints":{"allow":["GET"]}}],"collection":[{"href":"https:\/\/elmundodelapolitica.com\/v1\/wp-json\/wp\/v2\/posts"}],"about":[{"href":"https:\/\/elmundodelapolitica.com\/v1\/wp-json\/wp\/v2\/types\/post"}],"author":[{"embeddable":true,"href":"https:\/\/elmundodelapolitica.com\/v1\/wp-json\/wp\/v2\/users\/2"}],"replies":[{"embeddable":true,"href":"https:\/\/elmundodelapolitica.com\/v1\/wp-json\/wp\/v2\/comments?post=1684"}],"version-history":[{"count":1,"href":"https:\/\/elmundodelapolitica.com\/v1\/wp-json\/wp\/v2\/posts\/1684\/revisions"}],"predecessor-version":[{"id":1686,"href":"https:\/\/elmundodelapolitica.com\/v1\/wp-json\/wp\/v2\/posts\/1684\/revisions\/1686"}],"wp:featuredmedia":[{"embeddable":true,"href":"https:\/\/elmundodelapolitica.com\/v1\/wp-json\/wp\/v2\/media\/1685"}],"wp:attachment":[{"href":"https:\/\/elmundodelapolitica.com\/v1\/wp-json\/wp\/v2\/media?parent=1684"}],"wp:term":[{"taxonomy":"category","embeddable":true,"href":"https:\/\/elmundodelapolitica.com\/v1\/wp-json\/wp\/v2\/categories?post=1684"},{"taxonomy":"post_tag","embeddable":true,"href":"https:\/\/elmundodelapolitica.com\/v1\/wp-json\/wp\/v2\/tags?post=1684"}],"curies":[{"name":"wp","href":"https:\/\/api.w.org\/{rel}","templated":true}]}}