{"id":168,"date":"2022-04-08T14:16:42","date_gmt":"2022-04-08T18:16:42","guid":{"rendered":"http:\/\/www.elmundodelapolitica.com\/v2\/?p=25221"},"modified":"2022-04-08T14:16:42","modified_gmt":"2022-04-08T18:16:42","slug":"condado-miami-dade-celebrara-dia-agradecimiento-a-fuerzas-orden-publico","status":"publish","type":"post","link":"https:\/\/elmundodelapolitica.com\/v1\/condado-miami-dade-celebrara-dia-agradecimiento-a-fuerzas-orden-publico\/","title":{"rendered":"Condado Miami-Dade celebrar\u00e1 D\u00eda Agradecimiento a Fuerzas Orden P\u00fablico"},"content":{"rendered":"\n<p><strong>MIAMI-DADE<\/strong>, Fl. Abril 7, 2022.-&nbsp;En la reuni\u00f3n celebrada el martes 5 de abril, la Junta de Comisionados del Condado aprob\u00f3 un\u00e1nimemente una&nbsp;<a href=\"https:\/\/www.miamidade.gov\/govaction\/matter.asp?matter=220223&amp;file=true&amp;fileAnalysis=false&amp;yearFolder=Y2022\" rel=\"noreferrer noopener\" target=\"_blank\">resoluci\u00f3n<\/a>, patrocinada por el presidente Jose \u201cPepe\u201d Diaz, para declarar el 13 de mayo el D\u00eda de Agradecimiento a las Fuerzas del Orden P\u00fablico, y todos los a\u00f1os a partir de entonces ser\u00e1 el viernes anterior a la Semana Nacional de la Polic\u00eda. En la reuni\u00f3n tambi\u00e9n se aprob\u00f3 una&nbsp;<a href=\"https:\/\/www.miamidade.gov\/govaction\/matter.asp?matter=220223&amp;file=true&amp;fileAnalysis=false&amp;yearFolder=Y2022\" rel=\"noreferrer noopener\" target=\"_blank\">resoluci\u00f3<\/a>n para que ese d\u00eda sea un d\u00eda feriado pagado del Condado.<\/p>\n\n\n\n<p>\u201cNuestros agentes del orden p\u00fablico protegen valientemente y brindan servicio a nuestras comunidades todos los d\u00edas, poniendo en riesgo sus propias vidas y su seguridad para garantizar nuestra seguridad y protecci\u00f3n. Nosotros no solo les agradecemos el servicio prestado cada d\u00eda, sino que queremos rendirles un homenaje especial y reconocer anualmente el servicio prestado mediante el D\u00eda de Agradecimiento a las Fuerzas del Orden P\u00fablico\", expres\u00f3 el presidente Diaz.<\/p>\n\n\n\n<p>La Semana Nacional de la Polic\u00eda es una celebraci\u00f3n anual para conmemorar el servicio que brindan todos los d\u00edas los hombres y mujeres de las fuerzas del orden p\u00fablico. Los oficiales del Condado de Miami-Dade han trabajado sin descanso durante la pandemia del COVID-19 y han tenido que hacer frente a un incremento de la violencia por armas de fuego en el Condado. El D\u00eda de Agradecimiento a las Fuerzas del Orden P\u00fablico es una forma de mostrar el agradecimiento de la comunidad a estos hombres y mujeres uniformados y de agradecerles por sus incansables esfuerzos y compromiso con el Condado.-.<\/p>\n","protected":false},"excerpt":{"rendered":"<p>MIAMI-DADE, Fl. Abril 7, 2022.-&nbsp;En la reuni\u00f3n celebrada el martes 5 de abril, la Junta de Comisionados del Condado aprob\u00f3 un\u00e1nimemente una&nbsp;resoluci\u00f3n, patrocinada por el presidente Jose \u201cPepe\u201d Diaz, para&hellip; <\/p>\n","protected":false},"author":2,"featured_media":169,"comment_status":"closed","ping_status":"open","sticky":false,"template":"","format":"standard","meta":{"fifu_image_url":"","fifu_image_alt":"","footnotes":""},"categories":[16],"tags":[],"class_list":["post-168","post","type-post","status-publish","format-standard","has-post-thumbnail","hentry","category-seguridad"],"_links":{"self":[{"href":"https:\/\/elmundodelapolitica.com\/v1\/wp-json\/wp\/v2\/posts\/168","targetHints":{"allow":["GET"]}}],"collection":[{"href":"https:\/\/elmundodelapolitica.com\/v1\/wp-json\/wp\/v2\/posts"}],"about":[{"href":"https:\/\/elmundodelapolitica.com\/v1\/wp-json\/wp\/v2\/types\/post"}],"author":[{"embeddable":true,"href":"https:\/\/elmundodelapolitica.com\/v1\/wp-json\/wp\/v2\/users\/2"}],"replies":[{"embeddable":true,"href":"https:\/\/elmundodelapolitica.com\/v1\/wp-json\/wp\/v2\/comments?post=168"}],"version-history":[{"count":0,"href":"https:\/\/elmundodelapolitica.com\/v1\/wp-json\/wp\/v2\/posts\/168\/revisions"}],"wp:featuredmedia":[{"embeddable":true,"href":"https:\/\/elmundodelapolitica.com\/v1\/wp-json\/wp\/v2\/media\/169"}],"wp:attachment":[{"href":"https:\/\/elmundodelapolitica.com\/v1\/wp-json\/wp\/v2\/media?parent=168"}],"wp:term":[{"taxonomy":"category","embeddable":true,"href":"https:\/\/elmundodelapolitica.com\/v1\/wp-json\/wp\/v2\/categories?post=168"},{"taxonomy":"post_tag","embeddable":true,"href":"https:\/\/elmundodelapolitica.com\/v1\/wp-json\/wp\/v2\/tags?post=168"}],"curies":[{"name":"wp","href":"https:\/\/api.w.org\/{rel}","templated":true}]}}