{"id":166,"date":"2022-04-08T14:17:54","date_gmt":"2022-04-08T18:17:54","guid":{"rendered":"http:\/\/www.elmundodelapolitica.com\/v2\/?p=25224"},"modified":"2022-04-08T14:17:54","modified_gmt":"2022-04-08T18:17:54","slug":"inicia-ministerio-de-la-mujer-taller-fortalecimiento-presupuestos-sensibles-al-genero","status":"publish","type":"post","link":"https:\/\/elmundodelapolitica.com\/v1\/inicia-ministerio-de-la-mujer-taller-fortalecimiento-presupuestos-sensibles-al-genero\/","title":{"rendered":"Inicia Ministerio de la Mujer taller fortalecimiento Presupuestos Sensibles al G\u00e9nero"},"content":{"rendered":"\n<p>El&nbsp;<strong>Ministerio de la Mujer<\/strong>&nbsp;comenz\u00f3 este jueves el taller<strong>&nbsp;\u201cFortalecimiento en presupuestos sensibles al g\u00e9nero\u201d<\/strong>&nbsp;para capacitar a servidores p\u00fablicos para consolidar la clasificaci\u00f3n presupuestaria del gasto en g\u00e9nero.<\/p>\n\n\n\n<p>La actividad estuvo encabezada por Mayra Jim\u00e9nez, ministra de la Mujer, quien salud\u00f3 el esfuerzo y el compromiso con la igualdad de g\u00e9nero de la Direcci\u00f3n General de&nbsp;<strong>Presupuesto<\/strong>&nbsp;y la vinculaci\u00f3n con otros actores a los procesos presupuestarios.<\/p>\n\n\n\n<p>\u201cDesde el\u00a0<strong>Ministerio de la Mujer<\/strong>\u00a0estamos convencidos de que avanzar en este prop\u00f3sito no solo es lo correcto pol\u00edticamente, tambi\u00e9n es t\u00e9cnicamente posible y auguramos que este taller sea un paso que nos acerque a ese objetivo\u201d, expres\u00f3 Jim\u00e9nez al inicio del taller, que present\u00f3 junto al Programa Eurosocial+ de la\u00a0<strong>Uni\u00f3n Europea<\/strong>.<\/p>\n\n\n\n<p>El&nbsp;<strong>presupuesto<\/strong>&nbsp;sensible al g\u00e9nero (PSG) es la planeaci\u00f3n, programaci\u00f3n y ejecuci\u00f3n que contribuye al avance de la igualdad de g\u00e9nero y la realizaci\u00f3n de los derechos de las mujeres, identificando las intervenciones de pol\u00edtica sectorial y local\u201d, explic\u00f3 el&nbsp;<strong>Ministerio de la Mujer<\/strong>&nbsp;en un comunicado.<\/p>\n\n\n\n<p>&nbsp;El taller se realizar\u00e1 este jueves 7 de abril y ma\u00f1ana viernes 8. En el mismo se abordar\u00e1n temas relacionados con el contexto regional de los presupuestos sensibles al g\u00e9nero, donde expertas disertar\u00e1n sobre los avances y desaf\u00edos para la inclusi\u00f3n del enfoque de g\u00e9nero en planificaci\u00f3n y&nbsp;<strong>presupuesto<\/strong>&nbsp;en la Rep\u00fablica Dominicana.<\/p>\n\n\n\n<p>Asimismo, se socializar\u00e1n informaciones relacionadas con el marco conceptual de los presupuestos sensibles a g\u00e9nero y las metodolog\u00edas para implementar el enfoque de g\u00e9nero en los presupuestos institucionales, haciendo \u00e9nfasis en el clasificador presupuestario.<\/p>\n\n\n\n<p>Se comparti\u00f3 una propuesta para la clasificaci\u00f3n del gasto p\u00fablico para la formulaci\u00f3n presupuestaria del a\u00f1o 2023, incluidas las definiciones de subfunciones y la justificaci\u00f3n de las nuevas subfunciones para trabajar estos presupuestos sensibles a g\u00e9nero.<\/p>\n\n\n\n<p>Como parte de las acciones pr\u00e1cticas, se realizaron mesas de trabajo con las distintas instituciones para identificar las posibles actividades a categorizar utilizando la propuesta de clasificaci\u00f3n.<\/p>\n","protected":false},"excerpt":{"rendered":"<p>El&nbsp;Ministerio de la Mujer&nbsp;comenz\u00f3 este jueves el taller&nbsp;\u201cFortalecimiento en presupuestos sensibles al g\u00e9nero\u201d&nbsp;para capacitar a servidores p\u00fablicos para consolidar la clasificaci\u00f3n presupuestaria del gasto en g\u00e9nero. La actividad estuvo encabezada&hellip; <\/p>\n","protected":false},"author":2,"featured_media":167,"comment_status":"closed","ping_status":"open","sticky":false,"template":"","format":"standard","meta":{"fifu_image_url":"","fifu_image_alt":"","footnotes":""},"categories":[24],"tags":[],"class_list":["post-166","post","type-post","status-publish","format-standard","has-post-thumbnail","hentry","category-finanzas"],"_links":{"self":[{"href":"https:\/\/elmundodelapolitica.com\/v1\/wp-json\/wp\/v2\/posts\/166","targetHints":{"allow":["GET"]}}],"collection":[{"href":"https:\/\/elmundodelapolitica.com\/v1\/wp-json\/wp\/v2\/posts"}],"about":[{"href":"https:\/\/elmundodelapolitica.com\/v1\/wp-json\/wp\/v2\/types\/post"}],"author":[{"embeddable":true,"href":"https:\/\/elmundodelapolitica.com\/v1\/wp-json\/wp\/v2\/users\/2"}],"replies":[{"embeddable":true,"href":"https:\/\/elmundodelapolitica.com\/v1\/wp-json\/wp\/v2\/comments?post=166"}],"version-history":[{"count":0,"href":"https:\/\/elmundodelapolitica.com\/v1\/wp-json\/wp\/v2\/posts\/166\/revisions"}],"wp:featuredmedia":[{"embeddable":true,"href":"https:\/\/elmundodelapolitica.com\/v1\/wp-json\/wp\/v2\/media\/167"}],"wp:attachment":[{"href":"https:\/\/elmundodelapolitica.com\/v1\/wp-json\/wp\/v2\/media?parent=166"}],"wp:term":[{"taxonomy":"category","embeddable":true,"href":"https:\/\/elmundodelapolitica.com\/v1\/wp-json\/wp\/v2\/categories?post=166"},{"taxonomy":"post_tag","embeddable":true,"href":"https:\/\/elmundodelapolitica.com\/v1\/wp-json\/wp\/v2\/tags?post=166"}],"curies":[{"name":"wp","href":"https:\/\/api.w.org\/{rel}","templated":true}]}}