{"id":164,"date":"2022-04-08T14:19:30","date_gmt":"2022-04-08T18:19:30","guid":{"rendered":"http:\/\/www.elmundodelapolitica.com\/v2\/?p=25227"},"modified":"2022-04-08T14:19:30","modified_gmt":"2022-04-08T18:19:30","slug":"coloca-presidente-abinader-primer-block-parque-industrial-industrias-aguayo","status":"publish","type":"post","link":"https:\/\/elmundodelapolitica.com\/v1\/coloca-presidente-abinader-primer-block-parque-industrial-industrias-aguayo\/","title":{"rendered":"Coloca Presidente Abinader primer block Parque Industrial Industrias Aguayo"},"content":{"rendered":"\n<p><strong>San Rafael del Yuma, La Altagracia. \u2013\u00a0<\/strong>El presidente Luis Abinader coloc\u00f3 el primer block para la construcci\u00f3n del nuevo parque industrial de Industrias Aguayo en el municipio de San Rafael del Yuma, provincia la Altagracia, con una inversi\u00f3n que asciende a los 850 millones de pesos, la cual promete crear cientos de empleos.<\/p>\n\n\n\n<p>El jefe de estado manifest\u00f3 su admiraci\u00f3n y felicitaci\u00f3n a la familia Aguayo, que con esfuerzo y dedicaci\u00f3n han logrado poner la primera piedra para el proyecto m\u00e1s grande de la historia de su empresa.<\/p>\n\n\n\n<p>Subray\u00f3 que el proyecto iniciado ofrecer\u00e1 un amplio abanico de opciones para la econom\u00eda y los ciudadanos de la regi\u00f3n Este del pa\u00eds, al tiempo de manifestar que duplicar\u00e1 la capacidad de industrias y el desarrollo inmobiliario tur\u00edstico de esa parte del pa\u00eds.<\/p>\n\n\n\n<p>El ministro de Industria, Comercio y Mipymes (MICM), V\u00edctor Bison\u00f3, manifest\u00f3 que Industrias Aguayo, dedicada a la fabricaci\u00f3n de productos de cementos para el sector de la construcci\u00f3n en la Rep\u00fablica Dominicana y el Caribe, ha sido sin\u00f3nimo de trascendencia, persistencia y enfoque, logrando su crecimiento y desarrollo a trav\u00e9s de tres generaciones desde el 1948.<\/p>\n\n\n\n<p>Dijo que la construcci\u00f3n de este nuevo parque industrial representa esperanza, confianza y nuevas oportunidades para todos los dominicanos. Resalt\u00f3 que la familia Aguayo ha venido apostando al desarrollo y la innovaci\u00f3n bajo la direcci\u00f3n de su tercera generaci\u00f3n y que contin\u00faa en crecimiento.<\/p>\n\n\n\n<p>\u201cSon actores importantes que han formado parte de la gran noticia del nearshoring, exportando a Estados Unidos, Panam\u00e1, Martinica, Barbados, Jamaica, San Mart\u00edn, Trinidad y Tobago y las Antillas Holandesas\u201d, manifest\u00f3 el ministro.<\/p>\n\n\n\n<p>A la actividad asistieron Alfonso Aguayo, presidente Industrias Aguayo; Jorge Aguayo, director general; Ra\u00fal Aguayo, director de operaciones; y Andr\u00e9s Astacio, vicepresidente ejecutivo de las Empresas Distribuidoras de Electricidad.<\/p>\n\n\n\n<p><strong>Sobre el proyecto<\/strong><\/p>\n\n\n\n<p>El parque industrial forma parte del proceso de expansi\u00f3n m\u00e1s grande en la historia de la empresa, que por 75 a\u00f1os se ha destacado en proveer soluciones y metodolog\u00edas constructivas al sector de la construcci\u00f3n en el pa\u00eds.<\/p>\n\n\n\n<p>El proyecto duplicar\u00e1 la capacidad de producci\u00f3n de Industrias Aguayo para satisfacer la demanda del mercado en un punto estrat\u00e9gico.<\/p>\n\n\n\n<p>El parque contar\u00e1 con cuatro l\u00edneas de producci\u00f3n, una l\u00ednea para el procesamiento de agregados, dos l\u00edneas independientes para la fabricaci\u00f3n de blocks de mamposter\u00eda con una capacidad agregada de unos 2 millones de bloques mensuales, y otra l\u00ednea para la manufactura de morteros seco, con cabida para producir m\u00e1s de 5 mil toneladas o el equivalente a 200 mil sacos mensuales.<\/p>\n","protected":false},"excerpt":{"rendered":"<p>San Rafael del Yuma, La Altagracia. \u2013\u00a0El presidente Luis Abinader coloc\u00f3 el primer block para la construcci\u00f3n del nuevo parque industrial de Industrias Aguayo en el municipio de San Rafael&hellip; <\/p>\n","protected":false},"author":2,"featured_media":165,"comment_status":"closed","ping_status":"open","sticky":false,"template":"","format":"standard","meta":{"fifu_image_url":"","fifu_image_alt":"","footnotes":""},"categories":[25],"tags":[],"class_list":["post-164","post","type-post","status-publish","format-standard","has-post-thumbnail","hentry","category-construccion"],"_links":{"self":[{"href":"https:\/\/elmundodelapolitica.com\/v1\/wp-json\/wp\/v2\/posts\/164","targetHints":{"allow":["GET"]}}],"collection":[{"href":"https:\/\/elmundodelapolitica.com\/v1\/wp-json\/wp\/v2\/posts"}],"about":[{"href":"https:\/\/elmundodelapolitica.com\/v1\/wp-json\/wp\/v2\/types\/post"}],"author":[{"embeddable":true,"href":"https:\/\/elmundodelapolitica.com\/v1\/wp-json\/wp\/v2\/users\/2"}],"replies":[{"embeddable":true,"href":"https:\/\/elmundodelapolitica.com\/v1\/wp-json\/wp\/v2\/comments?post=164"}],"version-history":[{"count":0,"href":"https:\/\/elmundodelapolitica.com\/v1\/wp-json\/wp\/v2\/posts\/164\/revisions"}],"wp:featuredmedia":[{"embeddable":true,"href":"https:\/\/elmundodelapolitica.com\/v1\/wp-json\/wp\/v2\/media\/165"}],"wp:attachment":[{"href":"https:\/\/elmundodelapolitica.com\/v1\/wp-json\/wp\/v2\/media?parent=164"}],"wp:term":[{"taxonomy":"category","embeddable":true,"href":"https:\/\/elmundodelapolitica.com\/v1\/wp-json\/wp\/v2\/categories?post=164"},{"taxonomy":"post_tag","embeddable":true,"href":"https:\/\/elmundodelapolitica.com\/v1\/wp-json\/wp\/v2\/tags?post=164"}],"curies":[{"name":"wp","href":"https:\/\/api.w.org\/{rel}","templated":true}]}}