{"id":1621,"date":"2023-01-29T20:28:39","date_gmt":"2023-01-30T00:28:39","guid":{"rendered":"https:\/\/elmundodelapolitica.com\/v1\/?p=1621"},"modified":"2023-01-29T20:28:41","modified_gmt":"2023-01-30T00:28:41","slug":"republica-dominicana-se-suma-a-la-alianza-para-la-prosperidad-economica-de-las-americas","status":"publish","type":"post","link":"https:\/\/elmundodelapolitica.com\/v1\/republica-dominicana-se-suma-a-la-alianza-para-la-prosperidad-economica-de-las-americas\/","title":{"rendered":"Rep\u00fablica Dominicana se suma a la Alianza para la Prosperidad Econ\u00f3mica de las Am\u00e9ricas"},"content":{"rendered":"\n<p>El canciller Roberto \u00c1lvarez particip\u00f3 en lanzamiento oficial la iniciativa que busca fortalecer la resiliencia y estabilidad colectiva de la regi\u00f3n.<\/p>\n\n\n\n<p>Santo Domingo de Guzm\u00e1n, Rep\u00fablica Dominicana. \u2013Rep\u00fablica Dominicana, representada por el canciller Roberto \u00c1lvarez, se sum\u00f3 a la Alianza para la Prosperidad Econ\u00f3mica de las Am\u00e9ricas, una iniciativa lanzada oficialmente hoy, que surgi\u00f3 tras la IX Cumbre de Las Am\u00e9ricas y que busca aprovechar las oportunidades de inversi\u00f3n conjunta y fortalecer la cooperaci\u00f3n entre pa\u00edses de la regi\u00f3n para acelerar sucrecimiento econ\u00f3mico.<\/p>\n\n\n\n<p>Se trata de una alianza impulsada por los Estados Unidos e integrada por Barbados, Canad\u00e1, Chile, Colombia, Costa Rica, Rep\u00fablica Dominicana, Ecuador, M\u00e9xico, Panam\u00e1, Per\u00fa y Uruguay, con el fin de impulsar la recuperaci\u00f3n y el crecimiento de la econom\u00eda del hemisferio, la cual representa el 31,9 % del PIB mundial y el 90% del continente.<\/p>\n\n\n\n<p>El COVID-19, las interrupciones en las cadenas de suministros, el cambio clim\u00e1tico, las presiones inflacionarias globales, la volatilidad de los precios de los commodities, los flujosmigratorios, la invasi\u00f3n de Ucrania, entre otros eventos, hancobrado -y contin\u00faan cobrando\u2013 un alto precio en la vida de nuestros pa\u00edses. Pero tambi\u00e9n presentan una enormeoportunidad; han levantado el tel\u00f3n de un mundo nuevo y valiente lleno de desaf\u00edos y posibilidades que requieren visi\u00f3n y acci\u00f3n\u201d, expres\u00f3 el canciller dominicano durante el lanzamiento en un encuentro virtual encabezado por el secretario de Estado de Estados Unidos, Antony Blinken.<\/p>\n\n\n\n<p>Al hacer uso de la palabra, \u00c1lvarez tambi\u00e9n afirm\u00f3 que Rep\u00fablica Dominicana ha sido proactiva, de palabra y de hecho, sobre la urgente necesidad de aunar esfuerzos para darle a nuestra regi\u00f3n \u201cun giro hist\u00f3rico\u201d que aproveche las oportunidades que se presentan, a trav\u00e9s de una estrategiamultilateral que a\u00fane esfuerzos y construya puentes entre nuestros pa\u00edses, pueblos y recursos.<\/p>\n\n\n\n<p>En el marco del establecimiento de la alianza estrat\u00e9gica, los integrantes adoptaron una declaraci\u00f3n conjunta que, entre otras cosas, prev\u00e9 que el crecimiento econ\u00f3mico que se busca impulsar sirva para contribuir con la eliminaci\u00f3n de la pobreza, la reducci\u00f3n de la desigualdad, la distribuci\u00f3n equitativa de los beneficios, fortalecer la diversidad, la sostenibilidad y la resiliencia de las cadenas de suministro.<\/p>\n\n\n\n<p>En el documento, los pa\u00edses se proponen, adem\u00e1s, combatir la crisis clim\u00e1tica, a trav\u00e9s de la mitigaci\u00f3n, adaptaci\u00f3n, resiliencia, energ\u00eda limpia y la eficiencia energ\u00e9tica.<\/p>\n\n\n\n<p>En el encuentro virtual de los Ministros de Relaciones Exteriores y de Comercio de los 12 pa\u00edses que integran la Alianza tambi\u00e9n particip\u00f3 la Representante Comercial de Estados Unidos, Katerine Tai; y el Ministro de Industria, Comercio y Mipymes de Rep\u00fablica Dominicana, V\u00edctor (Ito) Bison\u00f3.<\/p>\n","protected":false},"excerpt":{"rendered":"<p>El canciller Roberto \u00c1lvarez particip\u00f3 en lanzamiento oficial la iniciativa que busca fortalecer la resiliencia y estabilidad colectiva de la regi\u00f3n. Santo Domingo de Guzm\u00e1n, Rep\u00fablica Dominicana. \u2013Rep\u00fablica Dominicana, representada&hellip; <\/p>\n","protected":false},"author":2,"featured_media":1622,"comment_status":"closed","ping_status":"closed","sticky":false,"template":"","format":"standard","meta":{"fifu_image_url":"","fifu_image_alt":"","footnotes":""},"categories":[54],"tags":[],"class_list":["post-1621","post","type-post","status-publish","format-standard","has-post-thumbnail","hentry","category-politica_exterior"],"_links":{"self":[{"href":"https:\/\/elmundodelapolitica.com\/v1\/wp-json\/wp\/v2\/posts\/1621","targetHints":{"allow":["GET"]}}],"collection":[{"href":"https:\/\/elmundodelapolitica.com\/v1\/wp-json\/wp\/v2\/posts"}],"about":[{"href":"https:\/\/elmundodelapolitica.com\/v1\/wp-json\/wp\/v2\/types\/post"}],"author":[{"embeddable":true,"href":"https:\/\/elmundodelapolitica.com\/v1\/wp-json\/wp\/v2\/users\/2"}],"replies":[{"embeddable":true,"href":"https:\/\/elmundodelapolitica.com\/v1\/wp-json\/wp\/v2\/comments?post=1621"}],"version-history":[{"count":1,"href":"https:\/\/elmundodelapolitica.com\/v1\/wp-json\/wp\/v2\/posts\/1621\/revisions"}],"predecessor-version":[{"id":1623,"href":"https:\/\/elmundodelapolitica.com\/v1\/wp-json\/wp\/v2\/posts\/1621\/revisions\/1623"}],"wp:featuredmedia":[{"embeddable":true,"href":"https:\/\/elmundodelapolitica.com\/v1\/wp-json\/wp\/v2\/media\/1622"}],"wp:attachment":[{"href":"https:\/\/elmundodelapolitica.com\/v1\/wp-json\/wp\/v2\/media?parent=1621"}],"wp:term":[{"taxonomy":"category","embeddable":true,"href":"https:\/\/elmundodelapolitica.com\/v1\/wp-json\/wp\/v2\/categories?post=1621"},{"taxonomy":"post_tag","embeddable":true,"href":"https:\/\/elmundodelapolitica.com\/v1\/wp-json\/wp\/v2\/tags?post=1621"}],"curies":[{"name":"wp","href":"https:\/\/api.w.org\/{rel}","templated":true}]}}