{"id":162,"date":"2022-04-08T21:19:23","date_gmt":"2022-04-09T01:19:23","guid":{"rendered":"http:\/\/www.elmundodelapolitica.com\/v2\/?p=25231"},"modified":"2022-04-08T21:19:23","modified_gmt":"2022-04-09T01:19:23","slug":"articulo-ucrania-los-cosacos-renacen","status":"publish","type":"post","link":"https:\/\/elmundodelapolitica.com\/v1\/articulo-ucrania-los-cosacos-renacen\/","title":{"rendered":"ART\u00cdCULO: Ucrania, los cosacos renacen"},"content":{"rendered":"\n<p>Por: Dr. Oscar M\u00fcller Creel<\/p>\n\n\n\n<p>En una \u00e9poca en lo que ahora es Rusia, la mayor\u00eda de la gente era campesina y viv\u00eda bajo un sistema agr\u00edcola en el que la posesi\u00f3n de la tierra era privilegio de los grandes se\u00f1ores y los campesinos estaban sometidos a una servidumbre que les obligaba a labrar y cosechar en las tierras del amo, sin tener siquiera el derecho de trasladarse a otro lugar en la estepas del sur surg\u00edan grupos de temibles guerreros a los que se les denominaba Kasak, que en la lengua eslava significa \u201chombres libres\u201d, que durante siglos han luchado por preservar su libertad y fueron temidos y respetados tanto por los Zares como por los Sultanes del imperio otomano.<\/p>\n\n\n\n<p>Cuando en principios del siglo XVI un gran se\u00f1or ruso pidi\u00f3 al Sult\u00e1n de Estambul controlara a los cosacos, este le contest\u00f3: \u201cLos cosacos no me han jurado lealtad y viven conforma a ellos les place\u201d.<\/p>\n\n\n\n<p>Estos son los antepasados de los hombres que ahora pueblan el territorio de lo que conocemos como Ucrania y a ellos se est\u00e1n enfrentado los rusos al invadir esa naci\u00f3n.<\/p>\n\n\n\n<p>Las im\u00e1genes de sat\u00e9lite nos presentan una larga columna, 64 kil\u00f3metros dicen las noticias, de tanques y veh\u00edculos militares rusos, detenidos y una buena parte destruidos, lo que nos indica la falta de estrategia del ej\u00e9rcito ruso y la agudeza de los ucranianos para resolver situaciones de inferioridad, a trav\u00e9s de t\u00e1cticas insospechadas para el enemigo.<\/p>\n\n\n\n<p>Los expertos en el tema mencionan que la principal falla de los rusos fue creer que podr\u00edan terminar la invasi\u00f3n de ucrania en unas cuantas semanas, subestimando la voluntad de los descendientes de los cosacos para resistir y defender su pa\u00eds.<\/p>\n\n\n\n<p>Se comenta que desde que Rusia empez\u00f3 a instalar tropas en la frontera, los ucranianos ya ve\u00edan venir la invasi\u00f3n y se prepararon para dificultar al enemigo su desplazamiento y, cuando empez\u00f3 el avance, destruyeron sus propias l\u00edneas f\u00e9rreas, privando al enemigo de esa posibilidad de transporte.<\/p>\n\n\n\n<p>Lo anterior oblig\u00f3 a las tropas invasoras a desplazarse por tierra, las tropas de Ucrania permitieron que avanzaran y cuando ya estaban lejos de la frontera, demolieron un puente que qued\u00f3 atr\u00e1s del convoy al mismo tiempo que destruyeron otro puente frente a este, as\u00ed la columna rusa se encontr\u00f3 detenida entre dos caudalosos r\u00edos que no pod\u00eda cruzar y rodeada de terrenos pantanosos que imposibilitan el movimiento los veh\u00edculos pesados que componen el convoy.<\/p>\n\n\n\n<p>Mencionan los expertos que lo siguiente que hicieron los ucranianos, fue atacar la columna, enfoc\u00e1ndose en los transportes de suministro, principalmente de combustible, imposibilitando el movimiento de los veh\u00edculos b\u00e9licos hacia cualquier otra direcci\u00f3n.<\/p>\n\n\n\n<p>Los comandos rusos, en territorio de conflicto, se comunicaban entre s\u00ed y con los superiores en Mosc\u00fa, a trav\u00e9s de sofisticados sistemas de comunicaci\u00f3n encriptados y v\u00eda sat\u00e9lite. Los ucranianos, con ayuda de tecnolog\u00eda de un aliado extranjero, lograron desestabilizar esas comunicaciones, lo que oblig\u00f3 a los mandos enemigos a utilizar sistemas comunes de comunicaci\u00f3n, como telefon\u00eda celular y ondas de radio.<\/p>\n\n\n\n<p>De esa manera los cosacos lograron interceptar los sistemas de comunicaci\u00f3n y ubicar territorialmente las altas esferas del enemigo, para luego atacarles y dejar al ej\u00e9rcito ruso sin comandos, creando el caos en una tropa que, de por s\u00ed, ya estaba desmoralizada.<\/p>\n\n\n\n<p>Cualquier guerra es algo indeseable, pero desgraciadamente es tan com\u00fan al ser humano que en ocasiones se pierde la fe en nuestra especie.<\/p>\n\n\n\n<p>Los recientes hallazgos de cuerpos de civiles masacrados en Busha, luego que las tropas rusas se retiraran, es solo una muestra de lo que es capaz el ser humano cuando se deja llevar por la sed de sangre.<\/p>\n\n\n\n<p>La historia de la humanidad se narra por sus guerras, mas que por los avances de sus civilizaciones y estas han crecido a costas de los m\u00e1s d\u00e9biles, en una continua org\u00eda de sangre, saqueos, violaciones y torturas, que son provocadas por dirigentes sin escr\u00fapulos, capaces de cualquier cosa con tal de acrecentar su poder, territorio y riqueza.<\/p>\n\n\n\n<p>Triste lo que est\u00e1 pasando en Europa del Este y el resto del mundo nos hemos puesto del lado del d\u00e9bil por un sentimiento de solidaridad, pero no razonamos sobre el riesgo que esta guerra implica para toda la humanidad.<\/p>\n\n\n\n<p>Como lo comentar\u00e9 en mi pr\u00f3xima aportaci\u00f3n, estamos pendientes de un delgado hilo para que el conflicto se vuelva nuclear y las consecuencias para la especie humana pueden ser terribles.<img decoding=\"async\" src=\"https:\/\/i0.wp.com\/wordpress3.hdnweb.com\/wp-content\/uploads\/2021\/03\/OSCAR.jpg?w=75\" alt=\"Oscar M\u00fcller Creel\"><\/p>\n\n\n\n<h4 class=\"wp-block-heading\">Oscar M\u00fcller Creel<\/h4>\n\n\n\n<p>Oscar M\u00fcller es Doctor en Derecho y tiene el grado de Maestro en Administraci\u00f3n de Justicia y candidato a maestro en periodismo. Es originario de la ciudad de Chihuahua, M\u00e9xico. Es colaborador en&nbsp;Radio Claret Am\u00e9rica&nbsp;de &nbsp;Chicago Illinois, en temas de Derechos Humanos y Administraci\u00f3n de Justicia y sus columnas de opini\u00f3n se han publicado en el peri\u00f3dico&nbsp;Hoy&nbsp;del grupo&nbsp;Tribune Publishing Company&nbsp;de Chicago Illinois EUA, la cadena noticiosa Hispanic Digital Network de CISION, as\u00ed como en el&nbsp;Heraldo de Chihuahua del grupo Organizaci\u00f3n Editorial Mexicana. Ha escrito libros sobre Derechos Humanos y \u00c9tica del Abogado, as\u00ed como art\u00edculos cient\u00edficos en Universidades de M\u00e9xico, Colombia y Espa\u00f1a. Correo: mullerod@hotmail.com<\/p>\n\n\n\n<p>Correo:&nbsp;<a href=\"mailto:mullerod@hotmail.com\">mullerod@hotmail.com<\/a><\/p>\n","protected":false},"excerpt":{"rendered":"<p>Por: Dr. Oscar M\u00fcller Creel En una \u00e9poca en lo que ahora es Rusia, la mayor\u00eda de la gente era campesina y viv\u00eda bajo un sistema agr\u00edcola en el que&hellip; <\/p>\n","protected":false},"author":2,"featured_media":163,"comment_status":"closed","ping_status":"open","sticky":false,"template":"","format":"standard","meta":{"fifu_image_url":"","fifu_image_alt":"","footnotes":""},"categories":[4],"tags":[],"class_list":["post-162","post","type-post","status-publish","format-standard","has-post-thumbnail","hentry","category-articulo"],"_links":{"self":[{"href":"https:\/\/elmundodelapolitica.com\/v1\/wp-json\/wp\/v2\/posts\/162","targetHints":{"allow":["GET"]}}],"collection":[{"href":"https:\/\/elmundodelapolitica.com\/v1\/wp-json\/wp\/v2\/posts"}],"about":[{"href":"https:\/\/elmundodelapolitica.com\/v1\/wp-json\/wp\/v2\/types\/post"}],"author":[{"embeddable":true,"href":"https:\/\/elmundodelapolitica.com\/v1\/wp-json\/wp\/v2\/users\/2"}],"replies":[{"embeddable":true,"href":"https:\/\/elmundodelapolitica.com\/v1\/wp-json\/wp\/v2\/comments?post=162"}],"version-history":[{"count":0,"href":"https:\/\/elmundodelapolitica.com\/v1\/wp-json\/wp\/v2\/posts\/162\/revisions"}],"wp:featuredmedia":[{"embeddable":true,"href":"https:\/\/elmundodelapolitica.com\/v1\/wp-json\/wp\/v2\/media\/163"}],"wp:attachment":[{"href":"https:\/\/elmundodelapolitica.com\/v1\/wp-json\/wp\/v2\/media?parent=162"}],"wp:term":[{"taxonomy":"category","embeddable":true,"href":"https:\/\/elmundodelapolitica.com\/v1\/wp-json\/wp\/v2\/categories?post=162"},{"taxonomy":"post_tag","embeddable":true,"href":"https:\/\/elmundodelapolitica.com\/v1\/wp-json\/wp\/v2\/tags?post=162"}],"curies":[{"name":"wp","href":"https:\/\/api.w.org\/{rel}","templated":true}]}}