{"id":1593,"date":"2023-01-26T01:05:37","date_gmt":"2023-01-26T05:05:37","guid":{"rendered":"https:\/\/elmundodelapolitica.com\/v1\/?p=1593"},"modified":"2023-01-26T01:05:37","modified_gmt":"2023-01-26T05:05:37","slug":"resumen-northleaf-amplia-su-cobertura-global-de-inversores-con-el-nombramiento-del-veterano-en-los-mercados-privados-stewart-hay-como-vicepresidente-de-soluciones-globales-para-inversores","status":"publish","type":"post","link":"https:\/\/elmundodelapolitica.com\/v1\/resumen-northleaf-amplia-su-cobertura-global-de-inversores-con-el-nombramiento-del-veterano-en-los-mercados-privados-stewart-hay-como-vicepresidente-de-soluciones-globales-para-inversores\/","title":{"rendered":"Resumen: Northleaf ampl\u00eda su cobertura global de inversores con el nombramiento del veterano en los mercados privados, Stewart Hay, como vicepresidente de Soluciones Globales para Inversores"},"content":{"rendered":"<p>Hay se une a Northleaf tras 20 a\u00f1os de carrera dirigiendo estrategias de clientes de mercados privados globales para abrdn\/Standard Life Investments\/SL Capital Partners<br \/>\nTORONTO, LONDRES y LOS \u00c1NGELES&#8211;(BUSINESS WIRE)&#8211;Northleaf Capital Partners (Northleaf) ha anunciado hoy que Stewart Hay se ha incorporado a la empresa como vicepresidente de Soluciones Globales para Inversores.<\/p>\n<p>En este nuevo puesto, Hay dar\u00e1 soporte a la expansi\u00f3n continua de la cobertura global de inversores de mercados privados de Northleaf, asoci\u00e1ndose con inversores y asesores de inversi\u00f3n para dise\u00f1ar e implementar soluciones que aprovechen la experiencia y las relaciones estrechas de Northleaf en capital privado, cr\u00e9dito privado e infraestructuras.<\/p>\n<p>El comunicado en el idioma original es la versi\u00f3n oficial y autorizada del mismo. Esta traducci\u00f3n es solamente un medio de ayuda y deber\u00e1 ser comparada con el texto en idioma original, que es la \u00fanica versi\u00f3n del texto que tendr\u00e1 validez legal.<br \/>\n Contacts<br \/>\nSneha Satish<br \/>\nStanton<br \/>\nt: +1.646.502.3556<br \/>\ne: sneha.satish@stantonprm.com<\/p>\n<p>Nadine Cannata<br \/>\nManaging Director, Marketing &amp; Communications<br \/>\nNorthleaf<br \/>\nt: +1.416.477.6623<br \/>\ne: nadine.cannata@northleafcapital.com<\/p>\n","protected":false},"excerpt":{"rendered":"<div>\n<p class=\"bwalignc\">\n<i>Hay se une a Northleaf tras 20 a\u00f1os de carrera dirigiendo estrategias de clientes de mercados privados globales para abrdn\/Standard Life Investments\/SL Capital Partners<\/i>\n<\/p>\n<p>TORONTO, LONDRES y LOS \u00c1NGELES&#8211;(BUSINESS WIRE)&#8211;Northleaf Capital Partners (Northleaf) ha anunciado hoy que Stewart Hay se ha incorporado a la empresa como vicepresidente de Soluciones Globales para Inversores.\n<\/p>\n<p>\nEn este nuevo puesto, Hay dar\u00e1 soporte a la expansi\u00f3n continua de la cobertura global de inversores de mercados privados de Northleaf, asoci\u00e1ndose con inversores y asesores de inversi\u00f3n para dise\u00f1ar e implementar soluciones que aprovechen la experiencia y las relaciones estrechas de Northleaf en capital privado, cr\u00e9dito privado e infraestructuras.\n<\/p>\n<p>\nEl comunicado en el idioma original es la versi\u00f3n oficial y autorizada del mismo. Esta traducci\u00f3n es solamente un medio de ayuda y deber\u00e1 ser comparada con el texto en idioma original, que es la \u00fanica versi\u00f3n del texto que tendr\u00e1 validez legal.\n<\/p>\n<p> <b>Contacts<\/b> <\/p>\n<p>\nSneha Satish<br \/>\n<br \/>Stanton<br \/>\n<br \/>t: +1.646.502.3556<br \/>\n<br \/>e: <a target=\"_blank\" href=\"mailto:sneha.satish@stantonprm.com\" rel=\"nofollow noopener\">sneha.satish@stantonprm.com<\/a>\n<\/p>\n<p>\nNadine Cannata<br \/>\n<br \/>Managing Director, Marketing &amp; Communications<br \/>\n<br \/>Northleaf<br \/>\n<br \/>t: +1.416.477.6623<br \/>\n<br \/>e: <a target=\"_blank\" href=\"mailto:nadine.cannata@northleafcapital.com\" rel=\"nofollow noopener\">nadine.cannata@northleafcapital.com<\/a>\n<\/p>\n<\/div>\n","protected":false},"author":2,"featured_media":0,"comment_status":"closed","ping_status":"closed","sticky":false,"template":"","format":"standard","meta":{"fifu_image_url":"","fifu_image_alt":"","footnotes":""},"categories":[44],"tags":[],"class_list":["post-1593","post","type-post","status-publish","format-standard","hentry","category-business-wire"],"_links":{"self":[{"href":"https:\/\/elmundodelapolitica.com\/v1\/wp-json\/wp\/v2\/posts\/1593","targetHints":{"allow":["GET"]}}],"collection":[{"href":"https:\/\/elmundodelapolitica.com\/v1\/wp-json\/wp\/v2\/posts"}],"about":[{"href":"https:\/\/elmundodelapolitica.com\/v1\/wp-json\/wp\/v2\/types\/post"}],"author":[{"embeddable":true,"href":"https:\/\/elmundodelapolitica.com\/v1\/wp-json\/wp\/v2\/users\/2"}],"replies":[{"embeddable":true,"href":"https:\/\/elmundodelapolitica.com\/v1\/wp-json\/wp\/v2\/comments?post=1593"}],"version-history":[{"count":0,"href":"https:\/\/elmundodelapolitica.com\/v1\/wp-json\/wp\/v2\/posts\/1593\/revisions"}],"wp:attachment":[{"href":"https:\/\/elmundodelapolitica.com\/v1\/wp-json\/wp\/v2\/media?parent=1593"}],"wp:term":[{"taxonomy":"category","embeddable":true,"href":"https:\/\/elmundodelapolitica.com\/v1\/wp-json\/wp\/v2\/categories?post=1593"},{"taxonomy":"post_tag","embeddable":true,"href":"https:\/\/elmundodelapolitica.com\/v1\/wp-json\/wp\/v2\/tags?post=1593"}],"curies":[{"name":"wp","href":"https:\/\/api.w.org\/{rel}","templated":true}]}}