{"id":1574,"date":"2023-01-24T01:05:13","date_gmt":"2023-01-24T05:05:13","guid":{"rendered":"https:\/\/elmundodelapolitica.com\/v1\/?p=1574"},"modified":"2023-01-24T01:05:13","modified_gmt":"2023-01-24T05:05:13","slug":"resumen-xylem-adquirira-evoqua-en-una-operacion-por-valor-de-7500-millones-de-dolares","status":"publish","type":"post","link":"https:\/\/elmundodelapolitica.com\/v1\/resumen-xylem-adquirira-evoqua-en-una-operacion-por-valor-de-7500-millones-de-dolares\/","title":{"rendered":"Resumen: Xylem adquirir\u00e1 Evoqua en una operaci\u00f3n por valor de 7500 millones de d\u00f3lares"},"content":{"rendered":"<p>Crea una plataforma transformadora para abordar los retos h\u00eddricos m\u00e1s cr\u00edticos del mundo<\/p>\n<p>Ampl\u00eda el liderazgo en tecnolog\u00edas, soluciones y servicios relacionados con el agua con posiciones s\u00f3lidas en mercados resistentes, atractivos y en crecimiento<\/p>\n<p>Ingresos conjuntos de 7000 millones de d\u00f3lares con nuevas y atractivas oportunidades de crecimiento<\/p>\n<p>Se espera alcanzar sinergias de costes anuales de 140 millones de d\u00f3lares en tres a\u00f1os<\/p>\n<p>WASHINGTON&#8211;(BUSINESS WIRE)&#8211;Xylem Inc. (NYSE: XYL), compa\u00f1\u00eda global l\u00edder en tecnolog\u00eda del agua (\"Xylem\"), y Evoqua (NYSE: AQUA), l\u00edder en soluciones y servicios de tratamiento de agua decisivos, han anunciado hoy la firma de un acuerdo definitivo en virtud del cual Xylem adquirir\u00e1 Evoqua en una transacci\u00f3n totalmente en acciones que refleja un valor empresarial impl\u00edcito de aproximadamente 7500 millones de d\u00f3lares.<\/p>\n<p>El comunicado en el idioma original es la versi\u00f3n oficial y autorizada del mismo. Esta traducci\u00f3n es solamente un medio de ayuda y deber\u00e1 ser comparada con el texto en idioma original, que es la \u00fanica versi\u00f3n del texto que tendr\u00e1 validez legal.<br \/>\n Contacts<br \/>\nMedia<br \/>\nHouston Spencer<br \/>\n+1 (914) 323-5723<br \/>\nHouston.Spencer@xylem.com<\/p>\n<p>Investors<br \/>\nAndrea van der Berg<br \/>\n+1 (914) 260-8612<br \/>\nAndrea.vanderBerg@xylem.com<\/p>\n","protected":false},"excerpt":{"rendered":"<div>\n<ul class=\"bwlistdisc\">\n<li>\n<i>Crea una plataforma transformadora para abordar los retos h\u00eddricos m\u00e1s cr\u00edticos del mundo<\/i>\n<\/li>\n<li>\n<i>Ampl\u00eda el liderazgo en tecnolog\u00edas, soluciones y servicios relacionados con el agua con posiciones s\u00f3lidas en mercados resistentes, atractivos y en crecimiento<\/i>\n<\/li>\n<li>\n<i>Ingresos conjuntos de 7000 millones de d\u00f3lares con nuevas y atractivas oportunidades de crecimiento<\/i>\n<\/li>\n<li>\n<i>Se espera alcanzar sinergias de costes anuales de 140 millones de d\u00f3lares en tres a\u00f1os<\/i>\n<\/li>\n<\/ul>\n<p>WASHINGTON&#8211;(BUSINESS WIRE)&#8211;Xylem Inc. (NYSE: XYL), compa\u00f1\u00eda global l\u00edder en tecnolog\u00eda del agua (\"Xylem\"), y Evoqua (NYSE: AQUA), l\u00edder en soluciones y servicios de tratamiento de agua decisivos, han anunciado hoy la firma de un acuerdo definitivo en virtud del cual Xylem adquirir\u00e1 Evoqua en una transacci\u00f3n totalmente en acciones que refleja un valor empresarial impl\u00edcito de aproximadamente 7500 millones de d\u00f3lares.\n<\/p>\n<p><a href=\"https:\/\/mms.businesswire.com\/media\/20230123005346\/es\/297847\/5\/Xylem_tag_rgb.jpg\"><img decoding=\"async\" src=\"https:\/\/mms.businesswire.com\/media\/20230123005343\/en\/297847\/21\/Xylem_tag_rgb.jpg\"><\/a><\/p>\n<p>\nEl comunicado en el idioma original es la versi\u00f3n oficial y autorizada del mismo. Esta traducci\u00f3n es solamente un medio de ayuda y deber\u00e1 ser comparada con el texto en idioma original, que es la \u00fanica versi\u00f3n del texto que tendr\u00e1 validez legal.\n<\/p>\n<p> <b>Contacts<\/b> <\/p>\n<p>\nMedia<br \/>\n<br \/>Houston Spencer<br \/>\n<br \/>+1 (914) 323-5723<br \/>\n<br \/><a target=\"_blank\" href=\"mailto:Houston.Spencer@xylem.com\" rel=\"nofollow noopener\">Houston.Spencer@xylem.com<\/a>\n<\/p>\n<p>\nInvestors<br \/>\n<br \/>Andrea van der Berg<br \/>\n<br \/>+1 (914) 260-8612<br \/>\n<br \/><a target=\"_blank\" href=\"mailto:Andrea.vanderBerg@xylem.com\" rel=\"nofollow noopener\">Andrea.vanderBerg@xylem.com<\/a>\n<\/p>\n<\/div>\n","protected":false},"author":2,"featured_media":1575,"comment_status":"closed","ping_status":"closed","sticky":false,"template":"","format":"standard","meta":{"fifu_image_url":"","fifu_image_alt":"","footnotes":""},"categories":[44],"tags":[],"class_list":["post-1574","post","type-post","status-publish","format-standard","has-post-thumbnail","hentry","category-business-wire"],"_links":{"self":[{"href":"https:\/\/elmundodelapolitica.com\/v1\/wp-json\/wp\/v2\/posts\/1574","targetHints":{"allow":["GET"]}}],"collection":[{"href":"https:\/\/elmundodelapolitica.com\/v1\/wp-json\/wp\/v2\/posts"}],"about":[{"href":"https:\/\/elmundodelapolitica.com\/v1\/wp-json\/wp\/v2\/types\/post"}],"author":[{"embeddable":true,"href":"https:\/\/elmundodelapolitica.com\/v1\/wp-json\/wp\/v2\/users\/2"}],"replies":[{"embeddable":true,"href":"https:\/\/elmundodelapolitica.com\/v1\/wp-json\/wp\/v2\/comments?post=1574"}],"version-history":[{"count":0,"href":"https:\/\/elmundodelapolitica.com\/v1\/wp-json\/wp\/v2\/posts\/1574\/revisions"}],"wp:featuredmedia":[{"embeddable":true,"href":"https:\/\/elmundodelapolitica.com\/v1\/wp-json\/wp\/v2\/media\/1575"}],"wp:attachment":[{"href":"https:\/\/elmundodelapolitica.com\/v1\/wp-json\/wp\/v2\/media?parent=1574"}],"wp:term":[{"taxonomy":"category","embeddable":true,"href":"https:\/\/elmundodelapolitica.com\/v1\/wp-json\/wp\/v2\/categories?post=1574"},{"taxonomy":"post_tag","embeddable":true,"href":"https:\/\/elmundodelapolitica.com\/v1\/wp-json\/wp\/v2\/tags?post=1574"}],"curies":[{"name":"wp","href":"https:\/\/api.w.org\/{rel}","templated":true}]}}