{"id":1573,"date":"2023-01-24T01:05:12","date_gmt":"2023-01-24T05:05:12","guid":{"rendered":"https:\/\/elmundodelapolitica.com\/v1\/?p=1573"},"modified":"2023-01-24T01:05:12","modified_gmt":"2023-01-24T05:05:12","slug":"resumen-highland-europe-anuncia-un-fondo-de-1000-millones-de-euros-para-seguir-respaldando-empresas-de-software-e-internet-de-consumo-excepcionales-de-raiz-europea-y-en-fase-de-crecimiento","status":"publish","type":"post","link":"https:\/\/elmundodelapolitica.com\/v1\/resumen-highland-europe-anuncia-un-fondo-de-1000-millones-de-euros-para-seguir-respaldando-empresas-de-software-e-internet-de-consumo-excepcionales-de-raiz-europea-y-en-fase-de-crecimiento\/","title":{"rendered":"Resumen: Highland Europe anuncia un fondo de 1000 millones de euros para seguir respaldando empresas de software e Internet de consumo excepcionales, de ra\u00edz europea y en fase de crecimiento"},"content":{"rendered":"<p>LONDRES &amp; GINEBRA&#8211;(BUSINESS WIRE)&#8211;Highland Europe anuncia hoy que ha cerrado su quinto fondo, recaudando 1000 millones de euros para redoblar su estrategia de respaldar a aquellos equipos dirigidos por los fundadores m\u00e1s destacados del continente de empresas de software e Internet. David Blyghton, que se incorpor\u00f3 a Highland Europe en 2014, ha sido ascendido a socio, una clara muestra del compromiso de Highland Europe con el fomento del talento interno.<\/p>\n<p>El comunicado en el idioma original es la versi\u00f3n oficial y autorizada del mismo. Esta traducci\u00f3n es solamente un medio de ayuda y deber\u00e1 ser comparada con el texto en idioma original, que es la \u00fanica versi\u00f3n del texto que tendr\u00e1 validez legal.<br \/>\n Contacts<br \/>\nSayula@burlington.cc+44 7909 985 621<\/p>\n","protected":false},"excerpt":{"rendered":"<div>\n<p>LONDRES &amp; GINEBRA&#8211;(BUSINESS WIRE)&#8211;Highland Europe anuncia hoy que ha cerrado su quinto fondo, recaudando 1000 millones de euros para redoblar su estrategia de respaldar a aquellos equipos dirigidos por los fundadores m\u00e1s destacados del continente de empresas de software e Internet. David Blyghton, que se incorpor\u00f3 a Highland Europe en 2014, ha sido ascendido a socio, una clara muestra del compromiso de Highland Europe con el fomento del talento interno.\n<\/p>\n<p>\nEl comunicado en el idioma original es la versi\u00f3n oficial y autorizada del mismo. Esta traducci\u00f3n es solamente un medio de ayuda y deber\u00e1 ser comparada con el texto en idioma original, que es la \u00fanica versi\u00f3n del texto que tendr\u00e1 validez legal.\n<\/p>\n<p> <b>Contacts<\/b> <\/p>\n<p>\n<a target=\"_blank\" href=\"mailto:Sayula@burlington.cc\" rel=\"nofollow noopener\">Sayula@burlington.cc<\/a><br \/>+44 7909 985 621\n<\/p>\n<\/div>\n","protected":false},"author":2,"featured_media":0,"comment_status":"closed","ping_status":"closed","sticky":false,"template":"","format":"standard","meta":{"fifu_image_url":"","fifu_image_alt":"","footnotes":""},"categories":[44],"tags":[],"class_list":["post-1573","post","type-post","status-publish","format-standard","hentry","category-business-wire"],"_links":{"self":[{"href":"https:\/\/elmundodelapolitica.com\/v1\/wp-json\/wp\/v2\/posts\/1573","targetHints":{"allow":["GET"]}}],"collection":[{"href":"https:\/\/elmundodelapolitica.com\/v1\/wp-json\/wp\/v2\/posts"}],"about":[{"href":"https:\/\/elmundodelapolitica.com\/v1\/wp-json\/wp\/v2\/types\/post"}],"author":[{"embeddable":true,"href":"https:\/\/elmundodelapolitica.com\/v1\/wp-json\/wp\/v2\/users\/2"}],"replies":[{"embeddable":true,"href":"https:\/\/elmundodelapolitica.com\/v1\/wp-json\/wp\/v2\/comments?post=1573"}],"version-history":[{"count":0,"href":"https:\/\/elmundodelapolitica.com\/v1\/wp-json\/wp\/v2\/posts\/1573\/revisions"}],"wp:attachment":[{"href":"https:\/\/elmundodelapolitica.com\/v1\/wp-json\/wp\/v2\/media?parent=1573"}],"wp:term":[{"taxonomy":"category","embeddable":true,"href":"https:\/\/elmundodelapolitica.com\/v1\/wp-json\/wp\/v2\/categories?post=1573"},{"taxonomy":"post_tag","embeddable":true,"href":"https:\/\/elmundodelapolitica.com\/v1\/wp-json\/wp\/v2\/tags?post=1573"}],"curies":[{"name":"wp","href":"https:\/\/api.w.org\/{rel}","templated":true}]}}