{"id":1570,"date":"2023-01-24T00:01:20","date_gmt":"2023-01-24T04:01:20","guid":{"rendered":"https:\/\/elmundodelapolitica.com\/v1\/?p=1570"},"modified":"2023-01-24T00:01:23","modified_gmt":"2023-01-24T04:01:23","slug":"i-foro-internacional-de-innovacion-publica-reunira-especialistas-para-debatir-presente-y-futuro-de-los-servicios-publicos-de-rd","status":"publish","type":"post","link":"https:\/\/elmundodelapolitica.com\/v1\/i-foro-internacional-de-innovacion-publica-reunira-especialistas-para-debatir-presente-y-futuro-de-los-servicios-publicos-de-rd\/","title":{"rendered":"I Foro Internacional de Innovaci\u00f3n P\u00fablica reunir\u00e1 especialistas para debatir presente y futuro de los servicios p\u00fablicos de RD"},"content":{"rendered":"\n<p>Santo Domingo.-&nbsp;<strong>El primer Foro Internacional de Innovaci\u00f3n P\u00fablica<\/strong>&nbsp;bajo el lema&nbsp;<strong>\u201cPresente y futuro de los servicios p\u00fablicos de Rep\u00fablica Dominicana\u201d,<\/strong>&nbsp;convocado para el mi\u00e9rcoles 8 de febrero por&nbsp;<strong>el Ministro Administrativo de la Presidencia, Jos\u00e9 Ignacio Paliza<\/strong>, tendr\u00e1 como principales expositores al&nbsp;<strong>Presidente de la Rep\u00fablica, Luis Abinader,<\/strong>&nbsp;al investigador, asesor urbanista y creador del concepto \u201cCiudad de los 15 minutos\u201d (proyecto reconocido por ONU-H\u00e1bitat con el Premio Mundial a la Innovaci\u00f3n Urbana 2022),&nbsp;<strong>Carlos Moreno<\/strong>, y al experto en innovaci\u00f3n y an\u00e1lisis econ\u00f3mico,&nbsp;<strong>Marc Vidal.<\/strong><\/p>\n\n\n\n<p>La agenda del evento contar\u00e1 con la participaci\u00f3n de&nbsp;<strong>Samuel Pereyra Rojas<\/strong>, administrador general del Banco Banreservas;&nbsp;<strong>Eduardo Sanz Lovat\u00f3n<\/strong>, director general de Aduanas;&nbsp;<strong>Peter A. Prazmowski,<\/strong>&nbsp;director ejecutivo del Consejo Nacional de Competitividad de Rep\u00fablica Dominicana, y&nbsp;<strong>Joel Santos Echavarr\u00eda,<\/strong>&nbsp;Ministro de la Presidencia, adem\u00e1s de importantes figuras de trascendencia nacional en la administraci\u00f3n gubernamental.<\/p>\n\n\n\n<p>Igualmente, durante el Foro, se realizar\u00e1n&nbsp;<strong>dos di\u00e1logos<\/strong>. En el primero, se abordar\u00e1n los&nbsp;<strong>Retos y desaf\u00edos de futuro de la innovaci\u00f3n p\u00fablica<\/strong>&nbsp;y contar\u00e1 con las intervenciones de&nbsp;<strong>Cristina Pombo<\/strong>, asesora del sector social del Banco Interamericano de Desarrollo (BID);&nbsp;<strong>Ismael Pe\u00f1a-L\u00f3pez<\/strong>, director de la Escuela de Administraci\u00f3n P\u00fablica de Catalunya;&nbsp;<strong>Aura Cifuentes<\/strong>, l\u00edder de ecosistema estrat\u00e9gico en \u00c1gata (Agencia de Anal\u00edtica de Datos de Bogot\u00e1), exdirectora de Gobierno Digital y excoordinadora del Equipo de Innovaci\u00f3n P\u00fablica en el Gobierno de Colombia, y el asesor de comunicaci\u00f3n y consultor pol\u00edtico,&nbsp;<strong>Antoni Guti\u00e9rrez-Rub\u00ed<\/strong>.<\/p>\n\n\n\n<p>En el segundo di\u00e1logo, sobre&nbsp;<strong>Buenas pr\u00e1cticas internacionales relacionadas con la gobernanza participativa, la ciberseguridad, los ecosistemas de innovaci\u00f3n p\u00fablica, gobierno abierto y medici\u00f3n de impacto<\/strong>, entre otras cuestiones, participar\u00e1n:&nbsp;<strong>Rom\u00e1n Yosif Capdeville<\/strong>, exdirector ejecutivo del Laboratorio de Gobierno de Chile;&nbsp;<strong>Palmira Chavero<\/strong>, investigadora de FLACSO en Ecuador;&nbsp;<strong>Imanol Lasa<\/strong>, responsable de Estrategia y Estudios de la Diputaci\u00f3n Foral de Gipuzkoa e impulsor del proyecto Etorkizuna Eraikiz;&nbsp;<strong>Miguel Rego<\/strong>, experto en ciberseguridad y director general de la Fundaci\u00f3n para el Desarrollo y la Innovaci\u00f3n Tecnol\u00f3gica, FUNDITEC (Espa\u00f1a);&nbsp;<strong>Francisco Rojas Mart\u00edn<\/strong>, presidente de la Fundaci\u00f3n NovaGob y coordinador de la Red InnoLabsAires (Espa\u00f1a) y altos funcionarios p\u00fablicos, representantes de la academia nacional, de organismos multilaterales, sector privado y sociedad civil, tal como anunci\u00f3&nbsp;<strong>Dilia Leticia Jorge Mera<\/strong>, viceministra de Innovaci\u00f3n, Transparencia y Atenci\u00f3n Ciudadana del MAPRE.<\/p>\n\n\n\n<figure class=\"wp-block-image\"><img decoding=\"async\" src=\"https:\/\/presidencia.gob.do\/sites\/default\/files\/content\/MAPRE%202.jpeg\" alt=\"\"\/><\/figure>\n\n\n\n<p>El Foro, que ser\u00e1 desarrollado desde las 9 de la ma\u00f1ana, iniciar\u00e1 con las palabras de bienvenida de&nbsp;<strong>la alcaldesa del Distrito Nacional, Carolina Mej\u00eda G\u00f3mez, y del Ministro Jos\u00e9 Ignacio Paliza,<\/strong>&nbsp;quien inform\u00f3 que m\u00e1s de 500 personas del sector p\u00fablico y privado, se han inscrito a trav\u00e9s de la p\u00e1gina web&nbsp;<a href=\"http:\/\/www.innovacionpublica.gob.do\/\">www.innovacionpublica.gob.do<\/a>.<\/p>\n\n\n\n<p>Se destaca que este evento est\u00e1 llamado a convertir la ciudad de Santo Domingo durante ese d\u00eda en un espacio de intercambio de conversaci\u00f3n, sobre el&nbsp;<strong>futuro de la Innovaci\u00f3n P\u00fablica y de manera muy particular coloca una mirada hacia la Rep\u00fablica Dominicana.<\/strong><\/p>\n\n\n\n<p>La actividad se realizar\u00e1 en el sal\u00f3n Garden Tent del Hotel Embajador de Santo Domingo y contar\u00e1 con&nbsp;<strong>tres mesas paralelas<\/strong>&nbsp;donde se presentar\u00e1n&nbsp;<strong>buenas pr\u00e1cticas de innovaci\u00f3n<\/strong>&nbsp;a nivel nacional en \u00e1mbitos como la&nbsp;<strong>innovaci\u00f3n social, la sostenibilidad y turismo, adem\u00e1s de la innovaci\u00f3n tecnol\u00f3gica,<\/strong>&nbsp;con participaci\u00f3n de representantes del Ministerio de la Mujer, Sup\u00e9rate, Ministerio de la Presidencia, Ministerio de Turismo, Ministerio de Medio Ambiente y Recursos Naturales, Oficina Nacional de Estad\u00edsticas, Ministerio de Industria, Comercio y Mipymes, y representantes del sector privado y acad\u00e9mico como Universidad Iberoamericana, ADOPEM ONG; Voxel Caribe y ECORED.<\/p>\n","protected":false},"excerpt":{"rendered":"<p>Santo Domingo.-&nbsp;El primer Foro Internacional de Innovaci\u00f3n P\u00fablica&nbsp;bajo el lema&nbsp;\u201cPresente y futuro de los servicios p\u00fablicos de Rep\u00fablica Dominicana\u201d,&nbsp;convocado para el mi\u00e9rcoles 8 de febrero por&nbsp;el Ministro Administrativo de la&hellip; <\/p>\n","protected":false},"author":2,"featured_media":1571,"comment_status":"open","ping_status":"open","sticky":false,"template":"","format":"standard","meta":{"fifu_image_url":"","fifu_image_alt":"","footnotes":""},"categories":[12],"tags":[],"class_list":["post-1570","post","type-post","status-publish","format-standard","has-post-thumbnail","hentry","category-agenda-politica"],"_links":{"self":[{"href":"https:\/\/elmundodelapolitica.com\/v1\/wp-json\/wp\/v2\/posts\/1570","targetHints":{"allow":["GET"]}}],"collection":[{"href":"https:\/\/elmundodelapolitica.com\/v1\/wp-json\/wp\/v2\/posts"}],"about":[{"href":"https:\/\/elmundodelapolitica.com\/v1\/wp-json\/wp\/v2\/types\/post"}],"author":[{"embeddable":true,"href":"https:\/\/elmundodelapolitica.com\/v1\/wp-json\/wp\/v2\/users\/2"}],"replies":[{"embeddable":true,"href":"https:\/\/elmundodelapolitica.com\/v1\/wp-json\/wp\/v2\/comments?post=1570"}],"version-history":[{"count":1,"href":"https:\/\/elmundodelapolitica.com\/v1\/wp-json\/wp\/v2\/posts\/1570\/revisions"}],"predecessor-version":[{"id":1572,"href":"https:\/\/elmundodelapolitica.com\/v1\/wp-json\/wp\/v2\/posts\/1570\/revisions\/1572"}],"wp:featuredmedia":[{"embeddable":true,"href":"https:\/\/elmundodelapolitica.com\/v1\/wp-json\/wp\/v2\/media\/1571"}],"wp:attachment":[{"href":"https:\/\/elmundodelapolitica.com\/v1\/wp-json\/wp\/v2\/media?parent=1570"}],"wp:term":[{"taxonomy":"category","embeddable":true,"href":"https:\/\/elmundodelapolitica.com\/v1\/wp-json\/wp\/v2\/categories?post=1570"},{"taxonomy":"post_tag","embeddable":true,"href":"https:\/\/elmundodelapolitica.com\/v1\/wp-json\/wp\/v2\/tags?post=1570"}],"curies":[{"name":"wp","href":"https:\/\/api.w.org\/{rel}","templated":true}]}}