{"id":1567,"date":"2023-01-23T23:58:37","date_gmt":"2023-01-24T03:58:37","guid":{"rendered":"https:\/\/elmundodelapolitica.com\/v1\/?p=1567"},"modified":"2023-01-23T23:58:39","modified_gmt":"2023-01-24T03:58:39","slug":"index-firma-acuerdo-con-instituciones-academicas-para-beneficiar-a-dominicanos-residentes-en-el-exterior","status":"publish","type":"post","link":"https:\/\/elmundodelapolitica.com\/v1\/index-firma-acuerdo-con-instituciones-academicas-para-beneficiar-a-dominicanos-residentes-en-el-exterior\/","title":{"rendered":"INDEX firma acuerdo con instituciones acad\u00e9micas para beneficiar a dominicanos residentes en el exterior"},"content":{"rendered":"\n<p>Madrid, Espa\u00f1a.-&nbsp;<strong>El Instituto de Dominicanos y Dominicanas en el Exterior (INDEX)&nbsp;<\/strong>firm\u00f3 un acuerdo de colaboraci\u00f3n interinstitucional con el&nbsp;<strong>Centro de Estudios Financieros, la Universidad a Distancia de Madrid (UDIMA), y el Instituto de Educaci\u00f3n Superior CEF.- Santo Domingo,<\/strong>&nbsp;con el cual estas instituciones se comprometen a fomentar el intercambio de experiencias y t\u00e9cnicos en los campos de&nbsp;<strong>la docencia, la investigaci\u00f3n, la cultura y la cooperaci\u00f3n al desarrollo<\/strong>&nbsp;dentro de aquellas \u00e1reas en las cuales las partes tengan&nbsp;<strong>inter\u00e9s manifiesto, en beneficio de los dominicanos residentes en el extranjero.<\/strong><\/p>\n\n\n\n<p><strong>Este acuerdo fue firmado en Madrid, Espa\u00f1a, en el marco de la Feria Internacional de Turismo FITUR 2023<\/strong>, por el viceministro para las Comunidades Dominicanas en el Exterior del Ministerio de Relaciones Exteriores de Rep\u00fablica Dominicana y director ejecutivo del INDEX,&nbsp;<strong>Carlos de la Mota<\/strong>, y en representaci\u00f3n de las tres instituciones educativas,&nbsp;<strong>Arturo de las Heras Garc\u00eda<\/strong>, presidente del Grupo Educativo CEF.- UDIMA.<\/p>\n\n\n\n<p>Durante el acto de firma,&nbsp;<strong>el director ejecutivo del INDEX, Carlos de la Mota,<\/strong>&nbsp;expres\u00f3 que&nbsp;<em>\u201ceste acuerdo busca brindar una herramienta de gran valor para la comunidad dominicana residente en Espa\u00f1a, al fomentar la formaci\u00f3n continua y la educaci\u00f3n a distancia en los niveles superiores, que les permitir\u00e1 desempe\u00f1arse y desarrollarse en los diferentes \u00e1mbitos econ\u00f3micos de la sociedad. Esta alianza estrat\u00e9gica con estas instituciones es un paso crucial en los esfuerzos del INDEX para fortalecer la educaci\u00f3n y la formaci\u00f3n profesional y brindar oportunidades de estudio y desarrollo profesional a los ciudadanos dominicanos en el exterior\u201d.<\/em><\/p>\n\n\n\n<p>De su lado,&nbsp;<strong>el presidente del Grupo Educativo CEF.- UDIMA, Arturo de las Heras Garc\u00eda,<\/strong>&nbsp;explic\u00f3 que este acuerdo persigue facilitar el estudio a los dominicanos residentes en Espa\u00f1a&nbsp;<em>\"y, especialmente nos ilusiona hacerlo del mismo modo con los descendientes de espa\u00f1oles que residan en Rep\u00fablica Dominicana\"<\/em>, donde la instituci\u00f3n educativa ubic\u00f3 su primera sede internacional.&nbsp;&nbsp;&nbsp;&nbsp;&nbsp;&nbsp;<\/p>\n\n\n\n<p>En la misma l\u00ednea se expres\u00f3 la&nbsp;<strong>rectora de CEF.- Santo Domingo, Patricia Portela,<\/strong>&nbsp;quien destac\u00f3 que Espa\u00f1a y Rep\u00fablica Dominicana son naciones unidas por la historia. \u201c<em>Muchos espa\u00f1oles hicieron familia y empresas exitosas en Rep\u00fablica Dominicana, as\u00ed como tambi\u00e9n hoy m\u00e1s de 188,000 dominicanos residen en Espa\u00f1a, aportando a la Madre Patria\".<\/em><\/p>\n\n\n\n<p>Mediante el acuerdo se podr\u00e1 avanzar en la&nbsp;<strong>ejecuci\u00f3n conjunta de proyectos y programas de investigaci\u00f3n y desarrollo<\/strong>, a realizarse a trav\u00e9s de los Departamentos e Institutos del Grupo Educativo CEF.- UDIMA y del INDEX, as\u00ed como la&nbsp;<strong>cooperaci\u00f3n en programas de formaci\u00f3n de personal investigador y t\u00e9cnico<\/strong>, la organizaci\u00f3n y ejecuci\u00f3n de actividades comunes relacionadas con la&nbsp;<strong>promoci\u00f3n social de la investigaci\u00f3n y el desarrollo tecnol\u00f3gico<\/strong>, estancia de estudiantes del Grupo Educativo CEF.- UDIMA en el INDEX mediante&nbsp;<strong>programas de cooperaci\u00f3n educativa<\/strong>, el desarrollo conjunto de&nbsp;<strong>programas en l\u00ednea<\/strong>&nbsp;con el amparo de ambas instituciones, entre otras acciones espec\u00edficamente orientadas a beneficiar a los&nbsp;<strong>dominicanos residentes en el exterior, con particular \u00e9nfasis en aquellos residentes en Espa\u00f1a.<\/strong><\/p>\n\n\n\n<p>De esta misma forma, la UDIMA y el CEF.- asumen como compromiso beneficiar a los ciudadanos dominicanos residentes en Espa\u00f1a, con la facilidad de&nbsp;<strong>un 15% de descuento&nbsp;<\/strong>en todos los programas educativos y cient\u00edficos impartidos de manera presencial y virtual por la UDIMA y por el CEF.-.&nbsp;<strong>Este beneficio aplica para los programas en desarrollo, posgrados, maestr\u00edas, especialidades, cursos y talleres especializados.<\/strong><\/p>\n\n\n\n<figure class=\"wp-block-image\"><img decoding=\"async\" src=\"https:\/\/presidencia.gob.do\/sites\/default\/files\/content\/INDEX%202.jpeg\" alt=\"\"\/><\/figure>\n\n\n\n<p><strong>Sobre el INDEX<\/strong><\/p>\n\n\n\n<p><strong>El Instituto de Dominicanos y Dominicanas en el Exterior (INDEX)<\/strong>&nbsp;es una entidad desconcentrada y operativa del Ministerio de Relaciones Exteriores que tiene por objetivo el dise\u00f1o y ejecuci\u00f3n de&nbsp;<strong>programas, acciones y proyectos de desarrollo dirigidos a la comunidad de dominicanos en el extranjero<\/strong>, haciendo especial hincapi\u00e9 en el fortalecimiento de los v\u00ednculos sociales y econ\u00f3micos con sus lugares de origen y, asimismo,&nbsp;<strong>el fomento de la identidad nacional.<\/strong><\/p>\n\n\n\n<p>El INDEX, como promotor de las pol\u00edticas p\u00fablicas del Estado en el exterior, busca fomentar&nbsp;<strong>la integraci\u00f3n de la di\u00e1spora en el desarrollo nacional en todos sus niveles<\/strong>, para hacer posible la transferencia de recursos de m\u00faltiples v\u00edas para el crecimiento y progreso del pa\u00eds, enfatizando el compromiso y la integridad que como instituci\u00f3n posee.<\/p>\n\n\n\n<p><strong>Sobre CEF.- Santo Domingo y la Universidad UDIMA<\/strong><\/p>\n\n\n\n<p><strong>El IES CEF.- Santo Domingo es una entidad sin \u00e1nimo de lucro<\/strong>&nbsp;aprobada el 14 de noviembre de 2019 por el Consejo Nacional de Educaci\u00f3n Superior (CONESCyT)&nbsp;<strong>para impartir 6 Maestr\u00edas oficiales y 1 Licenciatura del \u00e1rea de empresa y negocios<\/strong>. Sus modernas instalaciones se encuentran en el Tercer Nivel del Edificio Novo Centro.<\/p>\n\n\n\n<p><strong>La Universidad a Distancia de Madrid, UDIMA, es la primera universidad priva-da online oficial de Espa\u00f1a<\/strong>. Se aprob\u00f3 por Ley en 2006. Imparte 16 Grados Oficiales, 30 m\u00e1steres universitarios, 16 m\u00e1steres profesionales, dos programas de doctorado y 421 t\u00edtulos propios e idiomas.<\/p>\n","protected":false},"excerpt":{"rendered":"<p>Madrid, Espa\u00f1a.-&nbsp;El Instituto de Dominicanos y Dominicanas en el Exterior (INDEX)&nbsp;firm\u00f3 un acuerdo de colaboraci\u00f3n interinstitucional con el&nbsp;Centro de Estudios Financieros, la Universidad a Distancia de Madrid (UDIMA), y el&hellip; <\/p>\n","protected":false},"author":2,"featured_media":1568,"comment_status":"closed","ping_status":"closed","sticky":false,"template":"","format":"standard","meta":{"fifu_image_url":"","fifu_image_alt":"","footnotes":""},"categories":[22],"tags":[],"class_list":["post-1567","post","type-post","status-publish","format-standard","has-post-thumbnail","hentry","category-gerencia"],"_links":{"self":[{"href":"https:\/\/elmundodelapolitica.com\/v1\/wp-json\/wp\/v2\/posts\/1567","targetHints":{"allow":["GET"]}}],"collection":[{"href":"https:\/\/elmundodelapolitica.com\/v1\/wp-json\/wp\/v2\/posts"}],"about":[{"href":"https:\/\/elmundodelapolitica.com\/v1\/wp-json\/wp\/v2\/types\/post"}],"author":[{"embeddable":true,"href":"https:\/\/elmundodelapolitica.com\/v1\/wp-json\/wp\/v2\/users\/2"}],"replies":[{"embeddable":true,"href":"https:\/\/elmundodelapolitica.com\/v1\/wp-json\/wp\/v2\/comments?post=1567"}],"version-history":[{"count":1,"href":"https:\/\/elmundodelapolitica.com\/v1\/wp-json\/wp\/v2\/posts\/1567\/revisions"}],"predecessor-version":[{"id":1569,"href":"https:\/\/elmundodelapolitica.com\/v1\/wp-json\/wp\/v2\/posts\/1567\/revisions\/1569"}],"wp:featuredmedia":[{"embeddable":true,"href":"https:\/\/elmundodelapolitica.com\/v1\/wp-json\/wp\/v2\/media\/1568"}],"wp:attachment":[{"href":"https:\/\/elmundodelapolitica.com\/v1\/wp-json\/wp\/v2\/media?parent=1567"}],"wp:term":[{"taxonomy":"category","embeddable":true,"href":"https:\/\/elmundodelapolitica.com\/v1\/wp-json\/wp\/v2\/categories?post=1567"},{"taxonomy":"post_tag","embeddable":true,"href":"https:\/\/elmundodelapolitica.com\/v1\/wp-json\/wp\/v2\/tags?post=1567"}],"curies":[{"name":"wp","href":"https:\/\/api.w.org\/{rel}","templated":true}]}}