{"id":156,"date":"2022-03-17T22:19:06","date_gmt":"2022-03-18T02:19:06","guid":{"rendered":"http:\/\/www.elmundodelapolitica.com\/v2\/?p=25113"},"modified":"2022-03-17T22:19:06","modified_gmt":"2022-03-18T02:19:06","slug":"reitera-absoluto-rechazo-propuesta-reforma-constitucional-plantea-poder-ejecutivo","status":"publish","type":"post","link":"https:\/\/elmundodelapolitica.com\/v1\/reitera-absoluto-rechazo-propuesta-reforma-constitucional-plantea-poder-ejecutivo\/","title":{"rendered":"Reitera absoluto rechazo propuesta reforma constitucional plantea Poder Ejecutivo"},"content":{"rendered":"\n<p>Santo Domingo, R.D. Marzo 2022.- El coordinador pol\u00edtico de la Fuerza del Pueblo, doctor Radham\u00e9s Jim\u00e9nez, reiter\u00f3 que esa organizaci\u00f3n pol\u00edtica rechaza categ\u00f3ricamente el anteproyecto de ley de reforma constitucional enviado por el Poder Ejecutivo al Consejo Econ\u00f3mico y Social (CES), por considerarla inoportuna, innecesaria e inviable, debido a que es reiterativa y no consagra nuevos derechos ciudadanos.\u00a0<\/p>\n\n\n\n<p><br>En carta dirigida al presidente del Consejo Econ\u00f3mico y Social (CES), licenciado Rafael Toribio, el representante de la Fuerza del Pueblo ante el CES, argument\u00f3 las razones por las cuales, la organizaci\u00f3n que lidera el ex presidente Leonel Fern\u00e1ndez, no apoyar\u00e1 en estos momentos una propuesta de modificaci\u00f3n a la Constituci\u00f3n de la Rep\u00fablica.\u00a0<\/p>\n\n\n\n<p><br>Manifest\u00f3 sin embargo, que la FP reitera su voluntad y disposici\u00f3n de seguir asistiendo a los trabajos y deliberaciones del Consejo Econ\u00f3mico y Social en torno a las dem\u00e1s iniciativas que han sido presentadas en las diferentes mesas incluyendo la de Transparencia e Institucionalidad.\u00a0<br>Sostuvo que la pieza en discusi\u00f3n es una propuesta de reforma constitucional inoportuna e inviable desde el \u00e1mbito pol\u00edtico y social.\u00a0<\/p>\n\n\n\n<p><br>\u201cNuestro pa\u00eds apenas empieza a recuperarse de las ominosas secuelas de la crisis sanitaria generada por la pandemia del Covid-19, y padece los efectos de una espiral inflacionaria con elementos de pol\u00edtica econ\u00f3mica interna, que ha elevado extraordinariamente los precios de los productos b\u00e1sicos de la canasta familiar\u201d, dice el documento dirigido al CES.\u00a0<\/p>\n\n\n\n<p><br>Continua expresando que ese \u201ccuadro desalentador incluye hist\u00f3ricos niveles de desempleo, la imparable escalada en los precios de los combustibles, el incremento de las tasas de inter\u00e9s bancario que dificulta el acceso al cr\u00e9dito, la p\u00edrrica inversi\u00f3n en obras de infraestructura y la proliferaci\u00f3n de la actividad delictiva e inseguridad ciudadana\u201d.<\/p>\n\n\n\n<p><br>La FP considera que la atenci\u00f3n, dedicaci\u00f3n y mitigaci\u00f3n de manera eficaz de esos problemas, y otros m\u00e1s, de no menor importancia, \u201cdeber\u00edan constituir en estos momentos el foco de atenci\u00f3n y esfuerzo primordial del Gobierno dominicano, en vez de invertir energ\u00edas y esfuerzos in\u00fatiles en el desprop\u00f3sito de alentar una traum\u00e1tica e inviable reforma constitucional\u201d.\u00a0<br>Adujo que no es un secreto que en el entorno internacional reina la incertidumbre, como consecuencia del conflicto b\u00e9lico en Europa del Este, cuyos efectos resultan imprevisibles.\u00a0<\/p>\n\n\n\n<p><br>El miembro de la Direcci\u00f3n Pol\u00edtica de la Fuerza del Pueblo destaca en la misiva dirigida al CES, que cualquier iniciativa tendente a modificar el texto de la Constituci\u00f3n, para que alcance una perdurable legitimidad que permita perfeccionar y consolidar el Estado Social y Democr\u00e1tico de Derecho en la Rep\u00fablica Dominicana, debe contar con un nivel adecuado y oportuno de consenso pol\u00edtico, jur\u00eddico y social. \u201cEs evidente que dicho consenso no existe, en el caso de la iniciativa gubernamental que nos ocupa\u201d, dijo.<\/p>\n\n\n\n<p><br>Jim\u00e9nez argument\u00f3 que es una propuesta de reforma constitucional innecesaria en el \u00e1mbito institucional, en virtud de que gran parte de sus objetivos podr\u00edan perfectamente lograrse mediante ajustes en nuestro ordenamiento jur\u00eddico org\u00e1nico u ordinario, a trav\u00e9s de modificaciones a Leyes vigentes, o la elaboraci\u00f3n de decenas de instrumentos normativos que est\u00e1n pendientes de aprobarse o modificarse, y que ha sido dispuesto por la Constituci\u00f3n proclamada el 26 de enero del 2010.\u00a0<\/p>\n\n\n\n<p><br>Indica que m\u00e1s aun, el propio Gobierno, al un\u00edsono de la reforma constitucional, presenta una serie de proyectos de modificaciones a Leyes Org\u00e1nicas que en gran medida procuran los mismos objetivos institucionales que dicha reforma, lo cual prueba de manera irrefutable, lo innecesario de la misma.\u00a0<\/p>\n\n\n\n<p><br>De igual modo,\u00a0 se percibe en los textos propuestos, diversas modificaciones que, a juicio de la FP, lejos de hacer m\u00e1s eficiente\u00a0 el dise\u00f1o institucional vigente, lo desmejoran y atrasan, \u201cgenerando confusiones y problemas institucionales que no tenemos en la actualidad y que fueron finalmente superados\u201d.\u00a0<\/p>\n\n\n\n<p><br>En el documento, el cual, adjuntamos para su mejor comprensi\u00f3n, el dirigente de la Fuerza del pueblo se\u00f1ala varias observaciones y sus carencias m\u00e1s evidentes, sin embargo reconoce que esa organizaci\u00f3n pol\u00edtica no concibe a la Constituci\u00f3n de la Rep\u00fablica como una obra perfecta e inmutable, empero sostiene que cualquier iniciativa tendente a reformarla debe mejorar el funcionamiento de los \u00f3rganos creados por ella, para asegurar la efectiva vigencia de un sistema de controles y contrapesos que distribuya eficazmente el poder, garantizando la progresiva consolidaci\u00f3n de nuestra democracia.\u00a0<\/p>\n\n\n\n<p><br>Tras remitir estas y otras consideraciones ante el Consejo Econ\u00f3mico y Social (CES), el doctor Jim\u00e9nez afirm\u00f3 que el partido Fuerza del Pueblo \u201creitera su absoluto y rotundo rechazo a la propuesta de reforma constitucional que promueve el Poder Ejecutivo y no participar\u00e1 en ninguna convocatoria del CES o cualquier otro ente p\u00fablico para debatir la referida propuesta de reforma constitucional, m\u00e1s bien espera que la misma sea retirada de la mesa del di\u00e1logo para mantener el adecuado clima de armon\u00eda y consenso que se procura y todos (as) esperamos\u201d.\u00a0<\/p>\n","protected":false},"excerpt":{"rendered":"<p>Santo Domingo, R.D. Marzo 2022.- El coordinador pol\u00edtico de la Fuerza del Pueblo, doctor Radham\u00e9s Jim\u00e9nez, reiter\u00f3 que esa organizaci\u00f3n pol\u00edtica rechaza categ\u00f3ricamente el anteproyecto de ley de reforma constitucional&hellip; <\/p>\n","protected":false},"author":2,"featured_media":157,"comment_status":"closed","ping_status":"open","sticky":false,"template":"","format":"standard","meta":{"fifu_image_url":"","fifu_image_alt":"","footnotes":""},"categories":[5],"tags":[],"class_list":["post-156","post","type-post","status-publish","format-standard","has-post-thumbnail","hentry","category-partidos"],"_links":{"self":[{"href":"https:\/\/elmundodelapolitica.com\/v1\/wp-json\/wp\/v2\/posts\/156","targetHints":{"allow":["GET"]}}],"collection":[{"href":"https:\/\/elmundodelapolitica.com\/v1\/wp-json\/wp\/v2\/posts"}],"about":[{"href":"https:\/\/elmundodelapolitica.com\/v1\/wp-json\/wp\/v2\/types\/post"}],"author":[{"embeddable":true,"href":"https:\/\/elmundodelapolitica.com\/v1\/wp-json\/wp\/v2\/users\/2"}],"replies":[{"embeddable":true,"href":"https:\/\/elmundodelapolitica.com\/v1\/wp-json\/wp\/v2\/comments?post=156"}],"version-history":[{"count":0,"href":"https:\/\/elmundodelapolitica.com\/v1\/wp-json\/wp\/v2\/posts\/156\/revisions"}],"wp:featuredmedia":[{"embeddable":true,"href":"https:\/\/elmundodelapolitica.com\/v1\/wp-json\/wp\/v2\/media\/157"}],"wp:attachment":[{"href":"https:\/\/elmundodelapolitica.com\/v1\/wp-json\/wp\/v2\/media?parent=156"}],"wp:term":[{"taxonomy":"category","embeddable":true,"href":"https:\/\/elmundodelapolitica.com\/v1\/wp-json\/wp\/v2\/categories?post=156"},{"taxonomy":"post_tag","embeddable":true,"href":"https:\/\/elmundodelapolitica.com\/v1\/wp-json\/wp\/v2\/tags?post=156"}],"curies":[{"name":"wp","href":"https:\/\/api.w.org\/{rel}","templated":true}]}}