{"id":154,"date":"2022-03-17T22:26:27","date_gmt":"2022-03-18T02:26:27","guid":{"rendered":"http:\/\/www.elmundodelapolitica.com\/v2\/?p=25116"},"modified":"2022-03-17T22:26:27","modified_gmt":"2022-03-18T02:26:27","slug":"lanza-fuerza-del-pueblo-primer-programa-television-dirigido-diaspora","status":"publish","type":"post","link":"https:\/\/elmundodelapolitica.com\/v1\/lanza-fuerza-del-pueblo-primer-programa-television-dirigido-diaspora\/","title":{"rendered":"Lanza Fuerza del Pueblo primer programa televisi\u00f3n dirigido Di\u00e1spora"},"content":{"rendered":"\n<p><strong>New York<\/strong>, N.Y., USA.Marzo 16, 2022.- El partido Fuerza del Pueblo\u00a0 inici\u00f3 el pasado s\u00e1bado el primer programa de televisi\u00f3n dirigido a los dominicanos de la di\u00e1spora.<\/p>\n\n\n\n<p><br>\"FP en el Exterior\", es el nombre que lleva el programa que ha lanzado el partido liderado por el presidente de la Fuerza del Pueblo, Leonel Fern\u00e1ndez.<\/p>\n\n\n\n<p><br>\"Se trata de un programa interactivo que se producir\u00e1 en la ciudad de New York, donde se encuentra concentrada la mayor cantidad de\u00a0 dominicanos residentes fuera del territorio de la Rep\u00fablica Dominicana\", explic\u00f3 Gregorio Morrobel, presidente de la FP, en el condado de Manhattan, y conductor del\u00a0 espacio.\u00a0<\/p>\n\n\n\n<p><br>Dijo, que decidieron emprender esa iniciativa, para mantener informados a los dominicanos de todo el exterior, y a los simpatizantes y miembros de la organizaci\u00f3n, sobre las actividades que realiza la entidad pol\u00edtica, el programa incluye: llamadas telef\u00f3nicas, recepci\u00f3n de\u00a0 inquietudes, e interacci\u00f3n\u00a0 con el p\u00fablico de forma abierta y participativa.<\/p>\n\n\n\n<p>En la primera entrega del espacio televisivo, que se transmiti\u00f3 por varios medios locales de Estados Unidos y sistemas de cable dominicanos, el pasado s\u00e1bado 12 de marzo,\u00a0 particip\u00f3 RAFA Castillo, encargado de prensa de la Fuerza del Pueblo, quien conducir\u00e1 el segmento \u201cActualidad FP\u201d, donde se mostrar\u00e1 un resumen semanal de las actividades de la organizaci\u00f3n pol\u00edtica.<\/p>\n\n\n\n<p><br>Explicaron adem\u00e1s, que se incluye la presentaci\u00f3n peri\u00f3dica de los dirigentes en las diferentes demarcaciones y las v\u00edas de contacto para quienes deseen formar parte de la FP, as\u00ed como cualquier otra orientaci\u00f3n general sobre\u00a0 diversos temas.<\/p>\n","protected":false},"excerpt":{"rendered":"<p>New York, N.Y., USA.Marzo 16, 2022.- El partido Fuerza del Pueblo\u00a0 inici\u00f3 el pasado s\u00e1bado el primer programa de televisi\u00f3n dirigido a los dominicanos de la di\u00e1spora. \"FP en el&hellip; <\/p>\n","protected":false},"author":2,"featured_media":155,"comment_status":"closed","ping_status":"open","sticky":false,"template":"","format":"standard","meta":{"fifu_image_url":"","fifu_image_alt":"","footnotes":""},"categories":[31],"tags":[],"class_list":["post-154","post","type-post","status-publish","format-standard","has-post-thumbnail","hentry","category-telecomunicaciones"],"_links":{"self":[{"href":"https:\/\/elmundodelapolitica.com\/v1\/wp-json\/wp\/v2\/posts\/154","targetHints":{"allow":["GET"]}}],"collection":[{"href":"https:\/\/elmundodelapolitica.com\/v1\/wp-json\/wp\/v2\/posts"}],"about":[{"href":"https:\/\/elmundodelapolitica.com\/v1\/wp-json\/wp\/v2\/types\/post"}],"author":[{"embeddable":true,"href":"https:\/\/elmundodelapolitica.com\/v1\/wp-json\/wp\/v2\/users\/2"}],"replies":[{"embeddable":true,"href":"https:\/\/elmundodelapolitica.com\/v1\/wp-json\/wp\/v2\/comments?post=154"}],"version-history":[{"count":0,"href":"https:\/\/elmundodelapolitica.com\/v1\/wp-json\/wp\/v2\/posts\/154\/revisions"}],"wp:featuredmedia":[{"embeddable":true,"href":"https:\/\/elmundodelapolitica.com\/v1\/wp-json\/wp\/v2\/media\/155"}],"wp:attachment":[{"href":"https:\/\/elmundodelapolitica.com\/v1\/wp-json\/wp\/v2\/media?parent=154"}],"wp:term":[{"taxonomy":"category","embeddable":true,"href":"https:\/\/elmundodelapolitica.com\/v1\/wp-json\/wp\/v2\/categories?post=154"},{"taxonomy":"post_tag","embeddable":true,"href":"https:\/\/elmundodelapolitica.com\/v1\/wp-json\/wp\/v2\/tags?post=154"}],"curies":[{"name":"wp","href":"https:\/\/api.w.org\/{rel}","templated":true}]}}