{"id":1528,"date":"2023-01-18T01:04:20","date_gmt":"2023-01-18T05:04:20","guid":{"rendered":"https:\/\/elmundodelapolitica.com\/v1\/?p=1528"},"modified":"2023-01-18T01:04:20","modified_gmt":"2023-01-18T05:04:20","slug":"resumen-optionmetrics-expone-en-europe-eqd-2023","status":"publish","type":"post","link":"https:\/\/elmundodelapolitica.com\/v1\/resumen-optionmetrics-expone-en-europe-eqd-2023\/","title":{"rendered":"Resumen: OptionMetrics expone en Europe EQD 2023"},"content":{"rendered":"<p>El proveedor de datos y an\u00e1lisis de opciones y futuros se re\u00fane con analistas cuantitativos y gestores de riesgos en la principal conferencia sobre volatilidad y multiactivos para inversores institucionales<br \/>\nNEW YORK &amp; BARCELONA, Spain&#8211;(BUSINESS WIRE)&#8211;OptionMetrics, proveedor de bases de datos y an\u00e1lisis de opciones para inversores institucionales e investigadores acad\u00e9micos de todo el mundo, patrocina y expone en Europe EQD 2023, que se celebrar\u00e1 del 23 al 25 de enero en Barcelona.<\/p>\n<p>OptionMetrics ofrece la cobertura m\u00e1s completa y de mayor calidad de opciones sobre acciones, \u00edndices y fondos cotizados en bolsa (ETF) sobre acciones e \u00edndices subyacentes en todo el mundo.<\/p>\n<p>El comunicado en el idioma original es la versi\u00f3n oficial y autorizada del mismo. Esta traducci\u00f3n es solamente un medio de ayuda y deber\u00e1 ser comparada con el texto en idioma original, que es la \u00fanica versi\u00f3n del texto que tendr\u00e1 validez legal.<br \/>\n Contacts<br \/>\nHilary McCarthy<br \/>\nClearpoint Agency<br \/>\n774.364.1440<br \/>\nHilary@clearpointagency.com<\/p>\n","protected":false},"excerpt":{"rendered":"<div>\n<p class=\"bwalignc\">\n<i>El proveedor de datos y an\u00e1lisis de opciones y futuros se re\u00fane con analistas cuantitativos y gestores de riesgos en la principal conferencia sobre volatilidad y multiactivos para inversores institucionales<\/i>\n<\/p>\n<p>NEW YORK &amp; BARCELONA, Spain&#8211;(BUSINESS WIRE)&#8211;<a target=\"_blank\" href=\"https:\/\/cts.businesswire.com\/ct\/CT?id=smartlink&amp;url=https%3A%2F%2Foptionmetrics.com%2F&amp;esheet=53232038&amp;newsitemid=20230117005270&amp;lan=es-ES&amp;anchor=OptionMetrics&amp;index=1&amp;md5=e380ab911d66ddf2508d7038a6cf1c59\" rel=\"nofollow noopener\">OptionMetrics<\/a>, proveedor de bases de datos y an\u00e1lisis de opciones para inversores institucionales e investigadores acad\u00e9micos de todo el mundo, patrocina y expone en <a target=\"_blank\" href=\"https:\/\/cts.businesswire.com\/ct\/CT?id=smartlink&amp;url=https%3A%2F%2Feqderivatives.com%2Fevents%2Feurope-eqd-2023&amp;esheet=53232038&amp;newsitemid=20230117005270&amp;lan=es-ES&amp;anchor=Europe+EQD+2023&amp;index=2&amp;md5=bba9669d8ba5268ffe8867fb242a3c57\" rel=\"nofollow noopener\">Europe EQD 2023<\/a>, que se celebrar\u00e1 del 23 al 25 de enero en Barcelona.\n<\/p>\n<p><a href=\"https:\/\/mms.businesswire.com\/media\/20230117005270\/es\/720952\/5\/OM_logo_fullcolor-Dark.jpg\"><img decoding=\"async\" src=\"https:\/\/mms.businesswire.com\/media\/20230117005267\/en\/720952\/21\/OM_logo_fullcolor-Dark.jpg\"><\/a><\/p>\n<p>\nOptionMetrics ofrece la cobertura m\u00e1s completa y de mayor calidad de opciones sobre acciones, \u00edndices y fondos cotizados en bolsa (ETF) sobre acciones e \u00edndices subyacentes en todo el mundo.\n<\/p>\n<p>\nEl comunicado en el idioma original es la versi\u00f3n oficial y autorizada del mismo. Esta traducci\u00f3n es solamente un medio de ayuda y deber\u00e1 ser comparada con el texto en idioma original, que es la \u00fanica versi\u00f3n del texto que tendr\u00e1 validez legal.\n<\/p>\n<p> <b>Contacts<\/b> <\/p>\n<p>\nHilary McCarthy<br \/>\n<br \/>Clearpoint Agency<br \/>\n<br \/>774.364.1440<br \/>\n<br \/><a target=\"_blank\" href=\"mailto:Hilary@clearpointagency.com\" rel=\"nofollow noopener\">Hilary@clearpointagency.com<\/a>\n<\/p>\n<\/div>\n","protected":false},"author":2,"featured_media":1529,"comment_status":"closed","ping_status":"closed","sticky":false,"template":"","format":"standard","meta":{"fifu_image_url":"","fifu_image_alt":"","footnotes":""},"categories":[44],"tags":[],"class_list":["post-1528","post","type-post","status-publish","format-standard","has-post-thumbnail","hentry","category-business-wire"],"_links":{"self":[{"href":"https:\/\/elmundodelapolitica.com\/v1\/wp-json\/wp\/v2\/posts\/1528","targetHints":{"allow":["GET"]}}],"collection":[{"href":"https:\/\/elmundodelapolitica.com\/v1\/wp-json\/wp\/v2\/posts"}],"about":[{"href":"https:\/\/elmundodelapolitica.com\/v1\/wp-json\/wp\/v2\/types\/post"}],"author":[{"embeddable":true,"href":"https:\/\/elmundodelapolitica.com\/v1\/wp-json\/wp\/v2\/users\/2"}],"replies":[{"embeddable":true,"href":"https:\/\/elmundodelapolitica.com\/v1\/wp-json\/wp\/v2\/comments?post=1528"}],"version-history":[{"count":0,"href":"https:\/\/elmundodelapolitica.com\/v1\/wp-json\/wp\/v2\/posts\/1528\/revisions"}],"wp:featuredmedia":[{"embeddable":true,"href":"https:\/\/elmundodelapolitica.com\/v1\/wp-json\/wp\/v2\/media\/1529"}],"wp:attachment":[{"href":"https:\/\/elmundodelapolitica.com\/v1\/wp-json\/wp\/v2\/media?parent=1528"}],"wp:term":[{"taxonomy":"category","embeddable":true,"href":"https:\/\/elmundodelapolitica.com\/v1\/wp-json\/wp\/v2\/categories?post=1528"},{"taxonomy":"post_tag","embeddable":true,"href":"https:\/\/elmundodelapolitica.com\/v1\/wp-json\/wp\/v2\/tags?post=1528"}],"curies":[{"name":"wp","href":"https:\/\/api.w.org\/{rel}","templated":true}]}}