{"id":1524,"date":"2023-01-17T01:04:30","date_gmt":"2023-01-17T05:04:30","guid":{"rendered":"https:\/\/elmundodelapolitica.com\/v1\/?p=1524"},"modified":"2023-01-17T01:04:30","modified_gmt":"2023-01-17T05:04:30","slug":"hcltech-participa-en-el-foro-economico-mundial-2023-para-impulsar-la-colaboracion-mundial-en-pos-de-un-planeta-sostenible-y-un-crecimiento-integrador","status":"publish","type":"post","link":"https:\/\/elmundodelapolitica.com\/v1\/hcltech-participa-en-el-foro-economico-mundial-2023-para-impulsar-la-colaboracion-mundial-en-pos-de-un-planeta-sostenible-y-un-crecimiento-integrador\/","title":{"rendered":"HCLTech participa en el Foro Econ\u00f3mico Mundial 2023 para impulsar la colaboraci\u00f3n mundial en pos de un planeta sostenible y un crecimiento integrador"},"content":{"rendered":"<p>DAVOS, Suiza&#8211;(BUSINESS WIRE)&#8211;HCLTech, empresa tecnol\u00f3gica l\u00edder a escala mundial, acompa\u00f1a a gobiernos, empresas y sociedad civil de todo el mundo en el Foro Econ\u00f3mico Mundial (FEM) 2023 de Davos para facilitar el di\u00e1logo y la colaboraci\u00f3n por un planeta sostenible y un crecimiento sin exclusiones.<\/p>\n<p>HCLTech se enorgullece de su colaboraci\u00f3n estrat\u00e9gica de larga data con el FEM. El pabell\u00f3n de HCLTech en el FEM 2023 muestra la nueva identidad de marca de la empresa y su prop\u00f3sito de poner en com\u00fan lo mejor de la tecnolog\u00eda y las personas para impulsar el progreso de los clientes, de su gente, de las comunidades y del planeta.<\/p>\n<p>El pabell\u00f3n de HCLTech, situado en Promenade 66, 7270 Davos Platz, funciona \u00edntegramente con energ\u00eda verde, lo que subraya el compromiso de la empresa con un planeta sostenible.<\/p>\n<p>En consonancia con el inter\u00e9s de HCLTech por la diversidad y la igualdad de g\u00e9nero, la empresa acoge en su pabell\u00f3n el \u00abCentro de Igualdad de G\u00e9nero\u00bb de ONU Mujeres. El centro ofrecer\u00e1 videoconferencias diarias, mesas redondas espont\u00e1neas y charlas al aire libre.<\/p>\n<p>El equipo directivo de HCLTech acompa\u00f1ar\u00e1 y acoger\u00e1 a l\u00edderes mundiales en el FEM en sesiones de reflexi\u00f3n en torno al tema de la Reuni\u00f3n anual: \u00abCooperaci\u00f3n en un mundo fragmentado\u00bb. All\u00ed se debatir\u00e1 acerca de soluciones para abordar las diversas crisis a las que se enfrenta el mundo.<\/p>\n<p>Roshni Nadar Malhotra, presidenta de HCLTech, intervendr\u00e1 junto con el que fuera vicepresidente de los Estados Unidos, Al Gore, y otros distinguidos l\u00edderes en la sesi\u00f3n \u00abLeading the Charge through Earth\u2019s New Normal\u00bb (Al frente de la nueva normalidad del planeta), en la que se debatir\u00e1n soluciones transformadoras y la colaboraci\u00f3n mundial para forjar un futuro m\u00e1s integrador, pr\u00f3spero y sostenible. Tambi\u00e9n participar\u00e1 en la sesi\u00f3n denominada \u00abThe Aquapreneur Revolution\u00bb, presentada por Emma Benameur, responsable de Impacto y Compromiso y miembro del Comit\u00e9 Ejecutivo del FEM, en la que se anunciar\u00e1n los ganadores del Desaf\u00edo Mundial a la Innovaci\u00f3n en el \u00c1mbito del Agua Dulce, en el marco de la b\u00fasqueda de soluciones innovadoras para la conservaci\u00f3n del agua dulce por parte de HCL Group y UpLink.<\/p>\n<p>C Vijayakumar, director general y director ejecutivo de HCLTech, compartir\u00e1 su visi\u00f3n en \u00abPreparing One Billion People for Tomorrow\u2019s Economy\u00bb (Preparemos a mil millones de personas para la econom\u00eda del ma\u00f1ana), una sesi\u00f3n en la que se debatir\u00e1n las intervenciones cr\u00edticas necesarias para capacitar a mil millones de personas de aqu\u00ed a 2030 en un mundo que experimenta una r\u00e1pida transformaci\u00f3n por el avance de la tecnolog\u00eda. Tambi\u00e9n participar\u00e1n Saadia Zahidi, directora general del FEM, y l\u00edderes empresariales de Merck, Manpower Group y UBA Group.<\/p>\n<p>Adem\u00e1s, Santhosh Jayaram, director global de Sostenibilidad de HCLTech, encabezar\u00e1 una serie de sesiones denominada \u00ab Sustainability Dialogues with HCLTech\u00bb (Di\u00e1logos sobre sostenibilidad con HCLTech\u00bb, en la que participar\u00e1n l\u00edderes empresariales y de pensamiento de primera l\u00ednea del sector para entablar conversaciones abiertas, centradas en los temas y agendas m\u00e1s urgentes en torno a la sostenibilidad.<\/p>\n<p>Srinivasan Seshadri, vicepresidente corporativo y responsable mundial de Servicios Financieros de HCLTech, participar\u00e1 en \u00abOperating Models in the Wake of Deglobalization\u00bb (Modelos operativos tras la desglobalizaci\u00f3n), una sesi\u00f3n sobre la creciente necesidad que tienen las empresas de disponer de modelos innovadores que las a\u00edslen de la creciente volatilidad del entorno mundial.<\/p>\n<p>Jill Kouri, directora de Marketing de HCLTech, intervendr\u00e1 en \u00abGeneration Equality Pop Up, Role of Women in Climate Action\u00bb (Pop up de Generaci\u00f3n Igualdad: El papel de la mujer en la acci\u00f3n por el clima), una sesi\u00f3n en la que participar\u00e1n Kate Behncken, vicepresidenta corporativa de Microsoft Philanthropies, y Caitlin Kraft Buchman, fundadora y directora ejecutiva de Women@TheTable.<\/p>\n<p>To learn more about HCLTech@WEF 2023 visit https:\/\/www.hcltech.com\/world-economic-forum.<\/p>\n<p>Acerca de HCLTech<\/p>\n<p>HCLTech es una empresa de tecnolog\u00eda de alcance mundial, con m\u00e1s de 222 000 empleados en 60 pa\u00edses, que ofrece capacidades l\u00edderes en el sector centradas en la tecnolog\u00eda digital, la ingenier\u00eda y la nube, impulsadas por una amplia cartera de servicios y productos tecnol\u00f3gicos. Trabajamos con clientes de los sectores verticales m\u00e1s importantes, ofrecemos soluciones para servicios financieros, fabricaci\u00f3n, ciencias biol\u00f3gicas y sanidad, tecnolog\u00eda y servicios, telecomunicaciones y medios de comunicaci\u00f3n, comercio minorista y bienes de consumo y servicios p\u00fablicos. Los ingresos consolidados durante los 12 meses que finalizaron en diciembre de 2022 ascendieron a 12 300 millones de d\u00f3lares. Para descubrir c\u00f3mo podemos hacer que su empresa progrese, visite hcltech.com.<\/p>\n<p>El texto original en el idioma fuente de este comunicado es la versi\u00f3n oficial autorizada. Las traducciones solo se suministran como adaptaci\u00f3n y deben cotejarse con el texto en el idioma fuente, que es la \u00fanica versi\u00f3n del texto que tendr\u00e1 un efecto legal.<br \/>\n Contacts<br \/>\nMeenakshi Benjwal, Am\u00e9rica<br \/>\nmeenakshi.benjwal@hcl.com<\/p>\n<p>Elka Ghudial, EMEA<br \/>\nelka.ghudial@hcl.com<\/p>\n<p>Devneeta Pahuja, India y APAC<br \/>\ndevneeta.p@hcl.com<\/p>\n","protected":false},"excerpt":{"rendered":"<div>\n<p>DAVOS, Suiza&#8211;(BUSINESS WIRE)&#8211;HCLTech, empresa tecnol\u00f3gica l\u00edder a escala mundial, acompa\u00f1a a gobiernos, empresas y sociedad civil de todo el mundo en el Foro Econ\u00f3mico Mundial (FEM) 2023 de Davos para facilitar el di\u00e1logo y la colaboraci\u00f3n por un planeta sostenible y un crecimiento sin exclusiones.\n<\/p>\n<p><a href=\"https:\/\/mms.businesswire.com\/media\/20230116005177\/es\/1686426\/5\/DSC00053.jpg\"><img decoding=\"async\" src=\"https:\/\/mms.businesswire.com\/media\/20230116005173\/en\/1686426\/21\/DSC00053.jpg\"><\/a><br \/><a href=\"https:\/\/mms.businesswire.com\/media\/20230116005177\/es\/1686338\/4\/HCLLOGO.jpg\"><img decoding=\"async\" src=\"https:\/\/mms.businesswire.com\/media\/20230116005173\/en\/1686338\/21\/HCLLOGO.jpg\"><\/a><\/p>\n<p>\nHCLTech se enorgullece de su colaboraci\u00f3n estrat\u00e9gica de larga data con el FEM. El pabell\u00f3n de HCLTech en el FEM 2023 muestra la nueva identidad de marca de la empresa y su prop\u00f3sito de poner en com\u00fan lo mejor de la tecnolog\u00eda y las personas para impulsar el progreso de los clientes, de su gente, de las comunidades y del planeta.\n<\/p>\n<p>\nEl pabell\u00f3n de HCLTech, situado en Promenade 66, 7270 Davos Platz, funciona \u00edntegramente con energ\u00eda verde, lo que subraya el compromiso de la empresa con un planeta sostenible.\n<\/p>\n<p>\nEn consonancia con el inter\u00e9s de HCLTech por la diversidad y la igualdad de g\u00e9nero, la empresa acoge en su pabell\u00f3n el \u00abCentro de Igualdad de G\u00e9nero\u00bb de ONU Mujeres. El centro ofrecer\u00e1 videoconferencias diarias, mesas redondas espont\u00e1neas y charlas al aire libre.\n<\/p>\n<p>\nEl equipo directivo de HCLTech acompa\u00f1ar\u00e1 y acoger\u00e1 a l\u00edderes mundiales en el FEM en sesiones de reflexi\u00f3n en torno al tema de la Reuni\u00f3n anual: \u00abCooperaci\u00f3n en un mundo fragmentado\u00bb. All\u00ed se debatir\u00e1 acerca de soluciones para abordar las diversas crisis a las que se enfrenta el mundo.\n<\/p>\n<p>\nRoshni Nadar Malhotra, presidenta de HCLTech, intervendr\u00e1 junto con el que fuera vicepresidente de los Estados Unidos, Al Gore, y otros distinguidos l\u00edderes en la sesi\u00f3n <a target=\"_blank\" href=\"https:\/\/cts.businesswire.com\/ct\/CT?id=smartlink&amp;url=https%3A%2F%2Fwww.weforum.org%2Fevents%2Fworld-economic-forum-annual-meeting-2023%2Fsessions%2Fleading-the-charge-through-earths-new-normal&amp;esheet=53218137&amp;newsitemid=20230116005177&amp;lan=es-AR&amp;anchor=%26%23171%3BLeading+the+Charge+through+Earth%26%238217%3Bs+New+Normal%26%23187%3B&amp;index=1&amp;md5=99d9e3866528319be59cc69055cff80a\" rel=\"nofollow noopener\">\u00abLeading the Charge through Earth\u2019s New Normal\u00bb<\/a> (Al frente de la nueva normalidad del planeta), en la que se debatir\u00e1n soluciones transformadoras y la colaboraci\u00f3n mundial para forjar un futuro m\u00e1s integrador, pr\u00f3spero y sostenible. Tambi\u00e9n participar\u00e1 en la sesi\u00f3n denominada \u00abThe Aquapreneur Revolution\u00bb, presentada por Emma Benameur, responsable de Impacto y Compromiso y miembro del Comit\u00e9 Ejecutivo del FEM, en la que se anunciar\u00e1n los ganadores del Desaf\u00edo Mundial a la Innovaci\u00f3n en el \u00c1mbito del Agua Dulce, en el marco de la b\u00fasqueda de soluciones innovadoras para la conservaci\u00f3n del agua dulce por parte de HCL Group y UpLink.\n<\/p>\n<p>\nC Vijayakumar, director general y director ejecutivo de HCLTech, compartir\u00e1 su visi\u00f3n en <a target=\"_blank\" href=\"https:\/\/cts.businesswire.com\/ct\/CT?id=smartlink&amp;url=https%3A%2F%2Fwww.weforum.org%2Fevents%2Fworld-economic-forum-annual-meeting-2023%2Fsessions%2Fpreparing-1-billion-people-for-tomorrow-s-economy&amp;esheet=53218137&amp;newsitemid=20230116005177&amp;lan=es-AR&amp;anchor=%26%23171%3BPreparing+One+Billion+People+for+Tomorrow%26%238217%3Bs+Economy%26%23187%3B&amp;index=2&amp;md5=8636f743642e062836ca9c5727f9bfb8\" rel=\"nofollow noopener\">\u00abPreparing One Billion People for Tomorrow\u2019s Economy\u00bb<\/a> (Preparemos a mil millones de personas para la econom\u00eda del ma\u00f1ana), una sesi\u00f3n en la que se debatir\u00e1n las intervenciones cr\u00edticas necesarias para capacitar a mil millones de personas de aqu\u00ed a 2030 en un mundo que experimenta una r\u00e1pida transformaci\u00f3n por el avance de la tecnolog\u00eda. Tambi\u00e9n participar\u00e1n Saadia Zahidi, directora general del FEM, y l\u00edderes empresariales de Merck, Manpower Group y UBA Group.\n<\/p>\n<p>\nAdem\u00e1s, Santhosh Jayaram, director global de Sostenibilidad de HCLTech, encabezar\u00e1 una serie de sesiones denominada \u00ab Sustainability Dialogues with HCLTech\u00bb (Di\u00e1logos sobre sostenibilidad con HCLTech\u00bb, en la que participar\u00e1n l\u00edderes empresariales y de pensamiento de primera l\u00ednea del sector para entablar conversaciones abiertas, centradas en los temas y agendas m\u00e1s urgentes en torno a la sostenibilidad.\n<\/p>\n<p>\nSrinivasan Seshadri, vicepresidente corporativo y responsable mundial de Servicios Financieros de HCLTech, participar\u00e1 en \u00abOperating Models in the Wake of Deglobalization\u00bb (Modelos operativos tras la desglobalizaci\u00f3n), una sesi\u00f3n sobre la creciente necesidad que tienen las empresas de disponer de modelos innovadores que las a\u00edslen de la creciente volatilidad del entorno mundial.\n<\/p>\n<p>\nJill Kouri, directora de Marketing de HCLTech, intervendr\u00e1 en \u00abGeneration Equality Pop Up, Role of Women in Climate Action\u00bb (Pop up de Generaci\u00f3n Igualdad: El papel de la mujer en la acci\u00f3n por el clima), una sesi\u00f3n en la que participar\u00e1n Kate Behncken, vicepresidenta corporativa de Microsoft Philanthropies, y Caitlin Kraft Buchman, fundadora y directora ejecutiva de Women@TheTable.\n<\/p>\n<p>\nTo learn more about HCLTech@WEF 2023 visit <a target=\"_blank\" href=\"https:\/\/cts.businesswire.com\/ct\/CT?id=smartlink&amp;url=https%3A%2F%2Fwww.hcltech.com%2Fworld-economic-forum&amp;esheet=53218137&amp;newsitemid=20230116005177&amp;lan=es-AR&amp;anchor=https%3A%2F%2Fwww.hcltech.com%2Fworld-economic-forum&amp;index=3&amp;md5=53f0b9f2432db67d6a1569e17356af46\" rel=\"nofollow noopener\">https:\/\/www.hcltech.com\/world-economic-forum<\/a>.\n<\/p>\n<p>\n<b>Acerca de HCLTech<\/b>\n<\/p>\n<p>\nHCLTech es una empresa de tecnolog\u00eda de alcance mundial, con m\u00e1s de 222 000 empleados en 60 pa\u00edses, que ofrece capacidades l\u00edderes en el sector centradas en la tecnolog\u00eda digital, la ingenier\u00eda y la nube, impulsadas por una amplia cartera de servicios y productos tecnol\u00f3gicos. Trabajamos con clientes de los sectores verticales m\u00e1s importantes, ofrecemos soluciones para servicios financieros, fabricaci\u00f3n, ciencias biol\u00f3gicas y sanidad, tecnolog\u00eda y servicios, telecomunicaciones y medios de comunicaci\u00f3n, comercio minorista y bienes de consumo y servicios p\u00fablicos. Los ingresos consolidados durante los 12 meses que finalizaron en diciembre de 2022 ascendieron a 12 300 millones de d\u00f3lares. Para descubrir c\u00f3mo podemos hacer que su empresa progrese, visite hcltech.com.\n<\/p>\n<p>\nEl texto original en el idioma fuente de este comunicado es la versi\u00f3n oficial autorizada. Las traducciones solo se suministran como adaptaci\u00f3n y deben cotejarse con el texto en el idioma fuente, que es la \u00fanica versi\u00f3n del texto que tendr\u00e1 un efecto legal.\n<\/p>\n<p> <b>Contacts<\/b> <\/p>\n<p>\nMeenakshi Benjwal, Am\u00e9rica<br \/>\n<br \/><a target=\"_blank\" href=\"mailto:meenakshi.benjwal@hcl.com\" rel=\"nofollow noopener\">meenakshi.benjwal@hcl.com<\/a>\n<\/p>\n<p>\nElka Ghudial, EMEA<br \/>\n<br \/><a target=\"_blank\" href=\"mailto:elka.ghudial@hcl.com\" rel=\"nofollow noopener\">elka.ghudial@hcl.com<\/a>\n<\/p>\n<p>\nDevneeta Pahuja, India y APAC<br \/>\n<br \/><a target=\"_blank\" href=\"mailto:devneeta.p@hcl.com\" rel=\"nofollow noopener\">devneeta.p@hcl.com<\/a>\n<\/p>\n<\/div>\n","protected":false},"author":2,"featured_media":1525,"comment_status":"closed","ping_status":"closed","sticky":false,"template":"","format":"standard","meta":{"fifu_image_url":"","fifu_image_alt":"","footnotes":""},"categories":[44],"tags":[],"class_list":["post-1524","post","type-post","status-publish","format-standard","has-post-thumbnail","hentry","category-business-wire"],"_links":{"self":[{"href":"https:\/\/elmundodelapolitica.com\/v1\/wp-json\/wp\/v2\/posts\/1524","targetHints":{"allow":["GET"]}}],"collection":[{"href":"https:\/\/elmundodelapolitica.com\/v1\/wp-json\/wp\/v2\/posts"}],"about":[{"href":"https:\/\/elmundodelapolitica.com\/v1\/wp-json\/wp\/v2\/types\/post"}],"author":[{"embeddable":true,"href":"https:\/\/elmundodelapolitica.com\/v1\/wp-json\/wp\/v2\/users\/2"}],"replies":[{"embeddable":true,"href":"https:\/\/elmundodelapolitica.com\/v1\/wp-json\/wp\/v2\/comments?post=1524"}],"version-history":[{"count":0,"href":"https:\/\/elmundodelapolitica.com\/v1\/wp-json\/wp\/v2\/posts\/1524\/revisions"}],"wp:featuredmedia":[{"embeddable":true,"href":"https:\/\/elmundodelapolitica.com\/v1\/wp-json\/wp\/v2\/media\/1525"}],"wp:attachment":[{"href":"https:\/\/elmundodelapolitica.com\/v1\/wp-json\/wp\/v2\/media?parent=1524"}],"wp:term":[{"taxonomy":"category","embeddable":true,"href":"https:\/\/elmundodelapolitica.com\/v1\/wp-json\/wp\/v2\/categories?post=1524"},{"taxonomy":"post_tag","embeddable":true,"href":"https:\/\/elmundodelapolitica.com\/v1\/wp-json\/wp\/v2\/tags?post=1524"}],"curies":[{"name":"wp","href":"https:\/\/api.w.org\/{rel}","templated":true}]}}