{"id":1516,"date":"2023-01-15T22:37:41","date_gmt":"2023-01-16T02:37:41","guid":{"rendered":"https:\/\/elmundodelapolitica.com\/v1\/?p=1516"},"modified":"2023-01-15T22:38:14","modified_gmt":"2023-01-16T02:38:14","slug":"presidente-abinader-destaca-acciones-del-gobierno-en-favor-de-lineas-aereas-que-lograron-incremento-del-86-en-flujo-de-pasajeros","status":"publish","type":"post","link":"https:\/\/elmundodelapolitica.com\/v1\/presidente-abinader-destaca-acciones-del-gobierno-en-favor-de-lineas-aereas-que-lograron-incremento-del-86-en-flujo-de-pasajeros\/","title":{"rendered":"Presidente Abinader destaca acciones del Gobierno en favor de l\u00edneas a\u00e9reas, que lograron incremento del 86 % en flujo de pasajeros"},"content":{"rendered":"\n<p>Aeropuerto Las Am\u00e9ricas. &#8211;&nbsp;<strong>El Presidente Luis Abinader&nbsp;<\/strong>destac\u00f3 hoy que de agosto 2020 a diciembre 2022 han sido&nbsp;<strong>impulsadas acciones y otorgadas facilidades a las l\u00edneas a\u00e9reas dominicanas<\/strong>, lo cual, expuso, se ha traducido en un incremento de un&nbsp;<strong>86 % en el movimiento de pasajeros y 19 % en las operaciones realizadas<\/strong>, en comparaci\u00f3n con la gesti\u00f3n anterior.<\/p>\n\n\n\n<p>Al respecto, resalt\u00f3 la&nbsp;<strong>confianza que tienen los inversionistas en el presente y futuro de Rep\u00fablica Dominicana<\/strong>&nbsp;y de manera particular habl\u00f3 del sector de la aviaci\u00f3n, puntualizando que&nbsp;<em>\u201cesto no es azar o suerte, es trabajo\u201d.<\/em><\/p>\n\n\n\n<p>El mandatario record\u00f3 que en el a\u00f1o 2019 se movilizaron m\u00e1s de 13 mil pasajeros en algo m\u00e1s de 11 mil operaciones en entradas y salidas por los aeropuertos del pa\u00eds y&nbsp;<strong>al cierre del a\u00f1o 2022, se registraron 250 mil pasajeros transportados en m\u00e1s de 13 mil operaciones.<\/strong><\/p>\n\n\n\n<p>Al hablar en la actividad realizada en el restaurante La Vendimia, del Aeropuerto Internacional de las Am\u00e9ricas Doctor Jos\u00e9 Francisco Pe\u00f1a G\u00f3mez, para la inauguraci\u00f3n de la&nbsp;<strong>nueva flotilla de aviones de Sky High<\/strong>, un operador a\u00e9reo nacional de aviaci\u00f3n comercial, el Presidente Abinader dijo que ello representa un&nbsp;<strong>impulso a la din\u00e1mica que tiene ese sector actualmente.<\/strong><\/p>\n\n\n\n<p>Refiri\u00f3 que las&nbsp;<strong>aerol\u00edneas dominicanas casi han duplicado el total de pasajeros transportados en la gesti\u00f3n anterior<\/strong>, tal como es el caso de Sky High, la cual, indic\u00f3, ha incrementado en un&nbsp;<strong>35 %<\/strong>&nbsp;los pasajeros transportados con respecto al a\u00f1o 2019 (41 mil pasajeros m\u00e1s).<\/p>\n\n\n\n<p><em>\u201cEn el 2022 este operador moviliz\u00f3 56 mil pasajeros en m\u00e1s de 14 rutas en la regi\u00f3n; asimismo pas\u00f3 de utilizar aeronaves con capacidad para 19 y 45 pasajeros, a operar en aeronaves con capacidad para 100 pasajeros\u201d,<\/em>&nbsp;apunt\u00f3 el Presidente Luis Abinader.<\/p>\n\n\n\n<figure class=\"wp-block-image\"><img decoding=\"async\" src=\"https:\/\/presidencia.gob.do\/sites\/default\/files\/content\/IMG_6125.JPG\" alt=\"\"\/><\/figure>\n\n\n\n<p><strong>Fomento a la aviaci\u00f3n civil<\/strong><\/p>\n\n\n\n<p>El Presidente Luis Abinader dijo que el Gobierno busca aplicar&nbsp;<strong>nuevos incentivos a la aviaci\u00f3n civil local<\/strong>&nbsp;apoyado en la&nbsp;<strong>nueva ley de fomento y competitividad&nbsp;<\/strong>de ese sector.<\/p>\n\n\n\n<p><em>\u201cPorque creemos que es una muy buena manera de crear empleos, garantizar la seguridad jur\u00eddica de nuestras empresas y fomentar la inversi\u00f3n\u201d<\/em>, plante\u00f3 el gobernante.<\/p>\n\n\n\n<p>Explic\u00f3 que la disposici\u00f3n legal tiene como objetivo&nbsp;<strong>fomentar y aumentar la competitividad de la aviaci\u00f3n civil<\/strong>&nbsp;en el pa\u00eds, estableciendo de ese modo los incentivos pertinentes que permitan el&nbsp;<strong>aumento de visitantes v\u00eda a\u00e9rea<\/strong>.<\/p>\n\n\n\n<p>El mandatario manifest\u00f3 que, con esas disposiciones, se busca establecer, adem\u00e1s,&nbsp;<strong>nuevas rutas dom\u00e9sticas e internacionales<\/strong>&nbsp;desde y hacia mercados estrat\u00e9gicos nacionales y fortalecer el&nbsp;<strong>posicionamiento dominicano como punto de conexi\u00f3n para el transporte, log\u00edstica de pasajeros y carga.<\/strong><\/p>\n\n\n\n<p>En el acto,&nbsp;<strong>ejecutivos de Sky High Dominicana dieron a conocer sus proyectos de expansi\u00f3n y consolidaci\u00f3n trascendentes para este 2023<\/strong>, a\u00f1o en el que mantienen a\u00fan m\u00e1s su propuesta de valor de seguridad, solidez y compromiso de continuar siendo una&nbsp;<strong>l\u00ednea a\u00e9rea fiable y orgullosamente dominicana.<\/strong><\/p>\n\n\n\n<p>Para este 2023 que reci\u00e9n inicia, Sky High Dominicana cuenta con una flotilla de 4 Embraer-190 de 97 pasajeros incluyendo Clase Ejecutiva, 3 Embraer-145 de 50 pasajeros, 2 Embraer-75 de 77 pasajeros con Clase Ejecutiva adem\u00e1s de un carguero Boeing 737, para un total de 10 aeronaves. Esta ampliaci\u00f3n fortalece el servicio de la aerol\u00ednea, que hoy&nbsp;<strong>cuenta con 21 destinos y con m\u00e1s de 4,000 operaciones al a\u00f1o, conectando el Caribe con Am\u00e9rica Latina y Estados Unidos.<\/strong><\/p>\n\n\n\n<p>De su lado,&nbsp;<strong>el CEO de Sky High Dominicana, Juan Chamizo<\/strong>, agradeci\u00f3 al Presidente y a todos quienes asistieron por acompa\u00f1arlos en la ampliaci\u00f3n de la propuesta a\u00e9rea de Rep\u00fablica Dominicana.<\/p>\n\n\n\n<p>Asimismo,&nbsp;<strong>la directora de Operaciones, de Sky High Dominicana, Cesarina Beauchamp<\/strong>, resalt\u00f3 que lo presentado no hubiese sido posible sin el acompa\u00f1amiento y el gran apoyo que han recibido por parte del pleno de la&nbsp;<strong>Junta de Aviaci\u00f3n Civil, Aerodom, IDACC<\/strong>, as\u00ed como de todos los miembros que la componen como son el&nbsp;<strong>Ministerio de Turismo, IDAC, CESAC y el Departamento Aeroportuario<\/strong>, entre otros.<\/p>\n\n\n\n<p>Tambi\u00e9n,&nbsp;<strong>la directora general de AERODOM, M\u00f3nika Infante<\/strong>, expres\u00f3 su satisfacci\u00f3n de recibir las nuevas aeronaves en las pistas del Aeropuerto Internacional de las Am\u00e9ricas Jos\u00e9 Francisco Pe\u00f1a G\u00f3mez.<\/p>\n\n\n\n<p>De igual forma,&nbsp;<strong>Rodrigo Pereyra, representante de EMBRAER<\/strong>, empresa constructora de las aeronaves, expres\u00f3 su&nbsp;<strong>confianza en el proyecto de Sky High<\/strong>&nbsp;y su creencia en la compa\u00f1\u00eda para su crecimiento en Latinoam\u00e9rica.<\/p>\n\n\n\n<p>Asistieron al acto, el comandante general de la Fuerza A\u00e9rea de Rep\u00fablica Dominicana, Carlos Febrillet Rodr\u00edguez, FARD; el director general del Cuerpo Especializado en Seguridad Aeroportuaria y de la Aviaci\u00f3n Civil (CESAC), coronel piloto Floreal Su\u00e1rez Mart\u00ednez, FARD, y el presidente de la DNCD, contralmirante de la Armada de la Rep\u00fablica Dominicana (ARD) Jos\u00e9 Manuel Cabrera Ulloa.<\/p>\n\n\n\n<p>Tambi\u00e9n, la c\u00f3nsul general de la Ciudad de Miami, por Rep\u00fablica Dominicana, Geanilda V\u00e1zquez; el director del Departamento Aeroportuario, V\u00edctor Pichardo; del IDAC, Hector Porcella, y el presidente de la Junta de Aviaci\u00f3n Civil, H\u00e9ctor Marte Piantini.<\/p>\n","protected":false},"excerpt":{"rendered":"<p>Aeropuerto Las Am\u00e9ricas. &#8211;&nbsp;El Presidente Luis Abinader&nbsp;destac\u00f3 hoy que de agosto 2020 a diciembre 2022 han sido&nbsp;impulsadas acciones y otorgadas facilidades a las l\u00edneas a\u00e9reas dominicanas, lo cual, expuso, se&hellip; <\/p>\n","protected":false},"author":2,"featured_media":1517,"comment_status":"closed","ping_status":"closed","sticky":false,"template":"","format":"standard","meta":{"fifu_image_url":"","fifu_image_alt":"","footnotes":""},"categories":[53],"tags":[],"class_list":["post-1516","post","type-post","status-publish","format-standard","has-post-thumbnail","hentry","category-gobierno"],"_links":{"self":[{"href":"https:\/\/elmundodelapolitica.com\/v1\/wp-json\/wp\/v2\/posts\/1516","targetHints":{"allow":["GET"]}}],"collection":[{"href":"https:\/\/elmundodelapolitica.com\/v1\/wp-json\/wp\/v2\/posts"}],"about":[{"href":"https:\/\/elmundodelapolitica.com\/v1\/wp-json\/wp\/v2\/types\/post"}],"author":[{"embeddable":true,"href":"https:\/\/elmundodelapolitica.com\/v1\/wp-json\/wp\/v2\/users\/2"}],"replies":[{"embeddable":true,"href":"https:\/\/elmundodelapolitica.com\/v1\/wp-json\/wp\/v2\/comments?post=1516"}],"version-history":[{"count":2,"href":"https:\/\/elmundodelapolitica.com\/v1\/wp-json\/wp\/v2\/posts\/1516\/revisions"}],"predecessor-version":[{"id":1519,"href":"https:\/\/elmundodelapolitica.com\/v1\/wp-json\/wp\/v2\/posts\/1516\/revisions\/1519"}],"wp:featuredmedia":[{"embeddable":true,"href":"https:\/\/elmundodelapolitica.com\/v1\/wp-json\/wp\/v2\/media\/1517"}],"wp:attachment":[{"href":"https:\/\/elmundodelapolitica.com\/v1\/wp-json\/wp\/v2\/media?parent=1516"}],"wp:term":[{"taxonomy":"category","embeddable":true,"href":"https:\/\/elmundodelapolitica.com\/v1\/wp-json\/wp\/v2\/categories?post=1516"},{"taxonomy":"post_tag","embeddable":true,"href":"https:\/\/elmundodelapolitica.com\/v1\/wp-json\/wp\/v2\/tags?post=1516"}],"curies":[{"name":"wp","href":"https:\/\/api.w.org\/{rel}","templated":true}]}}