{"id":1513,"date":"2023-01-15T22:35:47","date_gmt":"2023-01-16T02:35:47","guid":{"rendered":"https:\/\/elmundodelapolitica.com\/v1\/?p=1513"},"modified":"2023-01-15T22:35:49","modified_gmt":"2023-01-16T02:35:49","slug":"dionis-sanchez-senala-puerto-pedernales-no-inicia-por-falta-de-permisos-ambientales","status":"publish","type":"post","link":"https:\/\/elmundodelapolitica.com\/v1\/dionis-sanchez-senala-puerto-pedernales-no-inicia-por-falta-de-permisos-ambientales\/","title":{"rendered":"Dionis S\u00e1nchez se\u00f1ala puerto Pedernales no inicia por falta de \u201cpermisos ambientales\u201d"},"content":{"rendered":"\n<p>El senador por la provincia Pedernales, Dionis S\u00e1nchez, se\u00f1al\u00f3 hoy que las respuestas que ha obtenido sobre porque no se habr\u00edan iniciado los trabajos de construcci\u00f3n del Puerto de Cabo Rojo es debido a la falta de \u201cpermisos ambientales\u201d.<\/p>\n\n\n\n<p>\u201cNo s\u00e9 qu\u00e9 tiempo durar\u00e1 la obra, yo estuve cuando el presidente dio el primer picazo all\u00e1 en Pedernales y dijo que en diciembre de este a\u00f1o se recibir\u00edan los primeros cruceros. Sin embargo, en mi labor de fiscalizaci\u00f3n he estado preguntando por qu\u00e9 esta obra no ha iniciado y me dieron una respuesta que me dej\u00f3 un poquito desconcertado, me dijeron que por permisos ambientales\u201d, dijo.<\/p>\n\n\n\n<p>Al participar en el espacio \u201cHOY Mismo\u201d, el congresista detall\u00f3 que el presidente Luis Abinader acudi\u00f3 a la provincia del sur profundo a dar un primer picazo sin haber tenido los \u201cpermisos correspondientes\u201d.<\/p>\n\n\n\n<p>\u201cEs decir el presidente fue all\u00e1, dio el primer picazo, hizo la promesa, y no s\u00e9 ten\u00edan los permisos correspondientes\u201d, refiri\u00f3 S\u00e1nchez.<\/p>\n\n\n\n<p>En ese mismo orden, al tiempo de destacar su rol en beneficio de esa demarcaci\u00f3n del pa\u00eds, reiter\u00f3 su respaldo a las iniciativas tomadas por la actual gesti\u00f3n que contribuyan al desarrollo de la provincia Pedernales.<\/p>\n\n\n\n<p>\u201c(\u2026) Por eso nosotros hemos estado apoyando las iniciativas que este presidente de la Rep\u00fablica ha planteado, tenemos la esperanza de que se construya el puerto, el aeropuerto, de que inicien las obras hidrosanitarias y de que se construyan los hoteles que se han planteado y estamos presto para enfrentar a aquellos que pretendan ser francotiradores sin conocer la realidad que se vive\u201d, puntualiz\u00f3 el alto dirigente del partido Fuerza del Pueblo.<\/p>\n\n\n\n<p>Se recuerda que a mediados del pasado a\u00f1o el presidente Abinader acudi\u00f3 a Pedernales para dar inicio a la construcci\u00f3n de un puerto para recibir cruceros y que deber\u00e1 estar en operaci\u00f3n para diciembre del presente a\u00f1o 2023.<\/p>\n","protected":false},"excerpt":{"rendered":"<p>El senador por la provincia Pedernales, Dionis S\u00e1nchez, se\u00f1al\u00f3 hoy que las respuestas que ha obtenido sobre porque no se habr\u00edan iniciado los trabajos de construcci\u00f3n del Puerto de Cabo&hellip; <\/p>\n","protected":false},"author":2,"featured_media":1514,"comment_status":"closed","ping_status":"closed","sticky":false,"template":"","format":"standard","meta":{"fifu_image_url":"","fifu_image_alt":"","footnotes":""},"categories":[12],"tags":[],"class_list":["post-1513","post","type-post","status-publish","format-standard","has-post-thumbnail","hentry","category-agenda-politica"],"_links":{"self":[{"href":"https:\/\/elmundodelapolitica.com\/v1\/wp-json\/wp\/v2\/posts\/1513","targetHints":{"allow":["GET"]}}],"collection":[{"href":"https:\/\/elmundodelapolitica.com\/v1\/wp-json\/wp\/v2\/posts"}],"about":[{"href":"https:\/\/elmundodelapolitica.com\/v1\/wp-json\/wp\/v2\/types\/post"}],"author":[{"embeddable":true,"href":"https:\/\/elmundodelapolitica.com\/v1\/wp-json\/wp\/v2\/users\/2"}],"replies":[{"embeddable":true,"href":"https:\/\/elmundodelapolitica.com\/v1\/wp-json\/wp\/v2\/comments?post=1513"}],"version-history":[{"count":1,"href":"https:\/\/elmundodelapolitica.com\/v1\/wp-json\/wp\/v2\/posts\/1513\/revisions"}],"predecessor-version":[{"id":1515,"href":"https:\/\/elmundodelapolitica.com\/v1\/wp-json\/wp\/v2\/posts\/1513\/revisions\/1515"}],"wp:featuredmedia":[{"embeddable":true,"href":"https:\/\/elmundodelapolitica.com\/v1\/wp-json\/wp\/v2\/media\/1514"}],"wp:attachment":[{"href":"https:\/\/elmundodelapolitica.com\/v1\/wp-json\/wp\/v2\/media?parent=1513"}],"wp:term":[{"taxonomy":"category","embeddable":true,"href":"https:\/\/elmundodelapolitica.com\/v1\/wp-json\/wp\/v2\/categories?post=1513"},{"taxonomy":"post_tag","embeddable":true,"href":"https:\/\/elmundodelapolitica.com\/v1\/wp-json\/wp\/v2\/tags?post=1513"}],"curies":[{"name":"wp","href":"https:\/\/api.w.org\/{rel}","templated":true}]}}