{"id":1510,"date":"2023-01-15T22:33:15","date_gmt":"2023-01-16T02:33:15","guid":{"rendered":"https:\/\/elmundodelapolitica.com\/v1\/?p=1510"},"modified":"2023-01-15T22:33:18","modified_gmt":"2023-01-16T02:33:18","slug":"unidad-de-titulacion-de-terrenos-del-estado-entrega-65-titulos-de-propiedad-a-dominicanos-residentes-en-ee-uu","status":"publish","type":"post","link":"https:\/\/elmundodelapolitica.com\/v1\/unidad-de-titulacion-de-terrenos-del-estado-entrega-65-titulos-de-propiedad-a-dominicanos-residentes-en-ee-uu\/","title":{"rendered":"Unidad de Titulaci\u00f3n de Terrenos del Estado entrega 65 t\u00edtulos de propiedad a dominicanos residentes en EE. UU."},"content":{"rendered":"\n<p>Nueva York. &#8211; La Unidad T\u00e9cnica Ejecutora de Titulaci\u00f3n de Terrenos de Estado&nbsp;<strong>(UTECT)<\/strong>&nbsp;y el Instituto Agrario Dominicano&nbsp;<strong>(IAD),<\/strong>&nbsp;en coordinaci\u00f3n con el&nbsp;<strong>Consulado Dominicano en Nueva York,&nbsp;<\/strong>entregaron&nbsp;<strong>65 certificados de t\u00edtulos de propiedad&nbsp;<\/strong>a dominicanos residentes en Estados Unidos.<\/p>\n\n\n\n<p>El acto de la segunda entrega de t\u00edtulos realizado este jueves en las instalaciones del referido Consulado, fue encabezado por el&nbsp;<strong>subdirector de la UTECT de la regi\u00f3n Sur, Duarte M\u00e9ndez<\/strong>, en representaci\u00f3n del director ejecutivo de la entidad, M\u00e9rido Torres, y&nbsp;<strong>Eligio J\u00e1quez, C\u00f3nsul de la Rep\u00fablica Dominicana en Nueva York<\/strong>.<\/p>\n\n\n\n<p>M\u00e9ndez record\u00f3 que la iniciativa da cumplimiento a una&nbsp;<strong>promesa del Presidente Luis Abinader, de que la comunidad dominicana en el exterior no estar\u00eda desamparada en su gesti\u00f3n de Gobierno.<\/strong><\/p>\n\n\n\n<p><em>\u201cEl Presidente ha instruido al director ejecutivo de la UTECT, M\u00e9rido Torres, para que haga cuanto sea posible con el fin de entregar a la comunidad dominicana en el exterior sus certificados de t\u00edtulos y es justo lo que estamos haciendo, cumpliendo esa misi\u00f3n del se\u00f1or Presidente\u201d,<\/em>&nbsp;expres\u00f3 el funcionario.<\/p>\n\n\n\n<p>Inform\u00f3 que en la sede diplom\u00e1tica se abrir\u00e1&nbsp;<strong>una ventanilla&nbsp;<\/strong>para que los dominicanos residentes en la Gran Manzana, puedan&nbsp;<strong>enterarse de todos los procesos de titulaci\u00f3n que se realizan en el pa\u00eds.<\/strong><\/p>\n\n\n\n<p><em>\u201cEstamos suscribiendo acuerdos con el Consulado de la Rep\u00fablica Dominicana en Nueva York, para que todos los dominicanos tengan una v\u00eda de comunicaci\u00f3n y puedan enterarse de los trabajos de titulaci\u00f3n y hacerse parte de ellos\u201d<\/em>, indic\u00f3 el subdirector, Duarte M\u00e9ndez.<\/p>\n\n\n\n<figure class=\"wp-block-image\"><img decoding=\"async\" src=\"https:\/\/presidencia.gob.do\/sites\/default\/files\/content\/WhatsApp%20Image%202023-01-13%20at%207.46.04%20PM.jpeg\" alt=\"\"\/><\/figure>\n\n\n\n<p>Mientras, el c\u00f3nsul dominicano en Nueva York, Eligio J\u00e1quez, destac\u00f3 que la iniciativa del Gobierno tiene un&nbsp;<strong>impacto trascendental<\/strong>, porque beneficia a los dominicanos residentes en los Estados Unidos.<\/p>\n\n\n\n<p>Asimismo, resalt\u00f3 que la comisi\u00f3n enviada por la Unidad T\u00e9cnica Ejecutora de Titulaci\u00f3n de Terrenos del Estado,&nbsp;<em>\u201cviene a devolverles la tranquilidad a familias que han pasado m\u00e1s de 30 a\u00f1os esperando recibir un certificado de propiedad\u201d.<\/em><\/p>\n\n\n\n<p><strong>La primera entrega de t\u00edtulos de propiedad en los Estados Unidos fue realizada en julio de 2022,<\/strong>&nbsp;cuando se entregaron&nbsp;<strong>87 certificados<\/strong>&nbsp;que beneficiaron a dominicanos propietarios de solares y viviendas en Azua, Gaspar Hern\u00e1ndez, Hacienda Estrella, Aguayo, Hato Mayor, Montecristi, Los Mina, Nagua, Monte Plata, Villa Altagracia y Villa Riva, entre otras demarcaciones.<\/p>\n\n\n\n<p>Actualmente, la UTECT ejecuta&nbsp;<strong>trabajos de titulaci\u00f3n en 28 provincias del pa\u00eds<\/strong>, en las cuales se realizan levantamientos catastrales, lanzamientos, Censos Sociales, Actos de Firmas y entrega de t\u00edtulos, con la finalidad obtener datos relevantes de las parcelas, solares y viviendas.<\/p>\n\n\n\n<p>En el acto de entrega tambi\u00e9n participaron&nbsp;<strong>Suleyka Fr\u00edas<\/strong>, directora legal, y&nbsp;<strong>Francia Montero<\/strong>, encargada de Asuntos Registrales de la Unidad de Titulaci\u00f3n.<\/p>\n","protected":false},"excerpt":{"rendered":"<p>Nueva York. &#8211; La Unidad T\u00e9cnica Ejecutora de Titulaci\u00f3n de Terrenos de Estado&nbsp;(UTECT)&nbsp;y el Instituto Agrario Dominicano&nbsp;(IAD),&nbsp;en coordinaci\u00f3n con el&nbsp;Consulado Dominicano en Nueva York,&nbsp;entregaron&nbsp;65 certificados de t\u00edtulos de propiedad&nbsp;a dominicanos&hellip; <\/p>\n","protected":false},"author":2,"featured_media":1511,"comment_status":"closed","ping_status":"closed","sticky":false,"template":"","format":"standard","meta":{"fifu_image_url":"","fifu_image_alt":"","footnotes":""},"categories":[63],"tags":[],"class_list":["post-1510","post","type-post","status-publish","format-standard","has-post-thumbnail","hentry","category-actualidad"],"_links":{"self":[{"href":"https:\/\/elmundodelapolitica.com\/v1\/wp-json\/wp\/v2\/posts\/1510","targetHints":{"allow":["GET"]}}],"collection":[{"href":"https:\/\/elmundodelapolitica.com\/v1\/wp-json\/wp\/v2\/posts"}],"about":[{"href":"https:\/\/elmundodelapolitica.com\/v1\/wp-json\/wp\/v2\/types\/post"}],"author":[{"embeddable":true,"href":"https:\/\/elmundodelapolitica.com\/v1\/wp-json\/wp\/v2\/users\/2"}],"replies":[{"embeddable":true,"href":"https:\/\/elmundodelapolitica.com\/v1\/wp-json\/wp\/v2\/comments?post=1510"}],"version-history":[{"count":1,"href":"https:\/\/elmundodelapolitica.com\/v1\/wp-json\/wp\/v2\/posts\/1510\/revisions"}],"predecessor-version":[{"id":1512,"href":"https:\/\/elmundodelapolitica.com\/v1\/wp-json\/wp\/v2\/posts\/1510\/revisions\/1512"}],"wp:featuredmedia":[{"embeddable":true,"href":"https:\/\/elmundodelapolitica.com\/v1\/wp-json\/wp\/v2\/media\/1511"}],"wp:attachment":[{"href":"https:\/\/elmundodelapolitica.com\/v1\/wp-json\/wp\/v2\/media?parent=1510"}],"wp:term":[{"taxonomy":"category","embeddable":true,"href":"https:\/\/elmundodelapolitica.com\/v1\/wp-json\/wp\/v2\/categories?post=1510"},{"taxonomy":"post_tag","embeddable":true,"href":"https:\/\/elmundodelapolitica.com\/v1\/wp-json\/wp\/v2\/tags?post=1510"}],"curies":[{"name":"wp","href":"https:\/\/api.w.org\/{rel}","templated":true}]}}