{"id":150,"date":"2022-03-17T22:43:49","date_gmt":"2022-03-18T02:43:49","guid":{"rendered":"http:\/\/www.elmundodelapolitica.com\/v2\/?p=25122"},"modified":"2022-03-17T22:43:49","modified_gmt":"2022-03-18T02:43:49","slug":"articulo-economias-en-desarrollo-deben-actuar-ahora-para-amortiguar-impactos-conflicto-ucrania","status":"publish","type":"post","link":"https:\/\/elmundodelapolitica.com\/v1\/articulo-economias-en-desarrollo-deben-actuar-ahora-para-amortiguar-impactos-conflicto-ucrania\/","title":{"rendered":"ARTICULO: Econom\u00edas en desarrollo deben actuar ahora para amortiguar impactos conflicto Ucrania"},"content":{"rendered":"\n<p>La guerra en Ucrania no podr\u00eda haber llegado en un peor momento para la econom\u00eda mundial, cuando la recuperaci\u00f3n de la contracci\u00f3n causada por la pandemia hab\u00eda comenzado a&nbsp;<a href=\"https:\/\/www.bancomundial.org\/es\/publication\/global-economic-prospects\">debilitarse<\/a>, la inflaci\u00f3n estaba aumentando, los bancos centrales de las&nbsp;<a href=\"https:\/\/www.wsj.com\/articles\/feds-powell-set-to-discuss-rate-rise-plans-with-senate-lawmakers-11646303401\">principales econom\u00edas<\/a>&nbsp;(i) del mundo se estaban preparando para subir las tasas de inter\u00e9s, y los mercados financieros sufr\u00edan altibajos en medio de una enorme cantidad de incertidumbres.<\/p>\n\n\n\n<p>La guerra ha agravado esas incertidumbres de maneras que repercutir\u00e1n en todo el mundo, perjudicando a las personas m\u00e1s vulnerables en los lugares m\u00e1s fr\u00e1giles. Es demasiado pronto para saber en qu\u00e9 grado el conflicto alterar\u00e1 las perspectivas econ\u00f3micas mundiales.&nbsp;<a target=\"_blank\" href=\"https:\/\/twitter.com\/intent\/tweet?text=Al+igual+que+el+nuevo+coronavirus%2C+la+%C3%BAltima+crisis+empez%C3%B3+de+una+forma+muy+inesperada&amp;url=https:\/\/blogs.worldbank.org\/es\/voces\/economias-en-desarrollo-deben-actuar-ahora-para-amortiguar-impactos-del-conflicto-en-Ucrania?cid=ECR_E_NewsletterWeekly_ES_EXT&amp;deliveryName=DM135218\/?cid=SHR_BlogSiteTweetable_ES_EXT&amp;via=Bancomundial\" rel=\"noreferrer noopener\">Al igual que el nuevo coronavirus, la \u00faltima crisis empez\u00f3 de una forma muy inesperada&nbsp;<\/a>: su escala e intensidad, su ubicaci\u00f3n y la&nbsp;<a href=\"https:\/\/www.nytimes.com\/2022\/03\/05\/world\/europe\/russia-ukraine-invasion-sanctions.html\">respuesta global<\/a>&nbsp;(i) a ella. Mucho depender\u00e1 de lo que suceda despu\u00e9s. Pero ya est\u00e1 claro que los precios m\u00e1s altos de los alimentos y la energ\u00eda, junto con la escasez de suministros, infligir\u00e1n sufrimiento de manera inmediata a las econom\u00edas de ingreso bajo y mediano.<\/p>\n\n\n\n<p>La pandemia sigue debilitando a numerosas econom\u00edas en desarrollo. La recuperaci\u00f3n saludable que han experimentado las econom\u00edas avanzadas durante el a\u00f1o pasado\u00a0<a href=\"https:\/\/www.barrons.com\/articles\/as-the-pandemic-drags-on-a-lost-decade-looms-for-much-of-the-world-51643835303\">en gran medida ha eludido a las econom\u00edas en desarrollo<\/a>\u00a0(i):\u00a0<a rel=\"noreferrer noopener\" target=\"_blank\" href=\"https:\/\/twitter.com\/intent\/tweet?text=para+2023%2C+el+nivel+de+producci%C3%B3n+econ%C3%B3mica+en+ellas+seguir%C3%A1+siendo+un+4+%25+inferior+al+nivel+proyectado+antes+de+la+pandemia&amp;url=https:\/\/blogs.worldbank.org\/es\/voces\/economias-en-desarrollo-deben-actuar-ahora-para-amortiguar-impactos-del-conflicto-en-Ucrania?cid=ECR_E_NewsletterWeekly_ES_EXT&amp;deliveryName=DM135218\/?cid=SHR_BlogSiteTweetable_ES_EXT&amp;via=Bancomundial\">para 2023, el nivel de producci\u00f3n econ\u00f3mica en ellas seguir\u00e1 siendo un 4 % inferior al nivel proyectado antes de la pandemia\u00a0<\/a>. La deuda total de estas econom\u00edas ahora alcanza el nivel m\u00e1s alto de los \u00faltimos 50 a\u00f1os. La inflaci\u00f3n es la m\u00e1s elevada en 11 a\u00f1os, y el 40 % de los bancos centrales han comenzado a subir las tasas de inter\u00e9s para responder a la situaci\u00f3n.<\/p>\n\n\n\n<p><a target=\"_blank\" href=\"https:\/\/twitter.com\/intent\/tweet?text=La+crisis+de+Ucrania+podr%C3%ADa+hacer+m%C3%A1s+dif%C3%ADcil+la+recuperaci%C3%B3n+de+muchas+econom%C3%ADas+de+ingreso+bajo+y+mediano.&amp;url=https:\/\/blogs.worldbank.org\/es\/voces\/economias-en-desarrollo-deben-actuar-ahora-para-amortiguar-impactos-del-conflicto-en-Ucrania?cid=ECR_E_NewsletterWeekly_ES_EXT&amp;deliveryName=DM135218\/?cid=SHR_BlogSiteTweetable_ES_EXT&amp;via=Bancomundial\" rel=\"noreferrer noopener\">La crisis de Ucrania podr\u00eda hacer m\u00e1s dif\u00edcil la recuperaci\u00f3n de muchas econom\u00edas de ingreso bajo y mediano.&nbsp;<\/a>&nbsp;Adem\u00e1s de los precios de los productos b\u00e1sicos m\u00e1s elevados, es probable que los efectos colaterales lleguen a trav\u00e9s de otros vectores: las perturbaciones en el comercio, las turbulencias financieras, y las remesas y la huida de refugiados. Es posible que los pa\u00edses m\u00e1s cercanos al conflicto, en virtud de sus fuertes v\u00ednculos comerciales, financieros y migratorios con Rusia y Ucrania, sufran el mayor da\u00f1o inmediato. Pero los efectos podr\u00edan extenderse mucho m\u00e1s all\u00e1.<\/p>\n\n\n\n<p><strong>Costos de los alimentos y los combustibles<\/strong><\/p>\n\n\n\n<p>Algunas econom\u00edas en desarrollo dependen en gran medida de Rusia y Ucrania para obtener alimentos (Gr\u00e1fico 1). Estos dos pa\u00edses suministran m\u00e1s del 75 % del trigo importado por un grupo de econom\u00edas de Europa y Asia central, Medio Oriente y \u00c1frica. Estas econom\u00edas son particularmente vulnerables a una interrupci\u00f3n en la producci\u00f3n o el transporte de granos y semillas de Rusia y Ucrania. En los pa\u00edses de ingreso m\u00e1s bajo, las alteraciones en los suministros y el alza de los precios podr\u00edan causar un aumento del hambre y de la inseguridad alimentaria.<\/p>\n\n\n\n<p>Rusia tambi\u00e9n es una fuerza importante en el mercado de la energ\u00eda y los metales: representa una cuarta parte del mercado de gas natural, el 18 % del mercado de carb\u00f3n, el 14 % del mercado de platino y el 11 % del mercado de petr\u00f3leo crudo. Una fuerte ca\u00edda en el suministro de estos productos b\u00e1sicos obstaculizar\u00eda la construcci\u00f3n, la industria petroqu\u00edmica y el transporte. Tambi\u00e9n reducir\u00eda el crecimiento de toda la econom\u00eda: en una pr\u00f3xima publicaci\u00f3n del Banco Mundial se estima que&nbsp;<a target=\"_blank\" href=\"https:\/\/twitter.com\/intent\/tweet?text=un+aumento+del+10+%25+del+precio+del+petr%C3%B3leo+por+un+per%C3%ADodo+de+varios+a%C3%B1os+puede+reducir+el+crecimiento+de+las+econom%C3%ADas+en+desarrollo+que+importan+productos+b%C3%A1sicos+en+una+d%C3%A9cima+de+punto+porcentual&amp;url=https:\/\/blogs.worldbank.org\/es\/voces\/economias-en-desarrollo-deben-actuar-ahora-para-amortiguar-impactos-del-conflicto-en-Ucrania?cid=ECR_E_NewsletterWeekly_ES_EXT&amp;deliveryName=DM135218\/?cid=SHR_BlogSiteTweetable_ES_EXT&amp;via=Bancomundial\" rel=\"noreferrer noopener\">un aumento del 10 % del precio del petr\u00f3leo por un per\u00edodo de varios a\u00f1os puede reducir el crecimiento de las econom\u00edas en desarrollo que importan productos b\u00e1sicos en una d\u00e9cima de punto porcentual&nbsp;<\/a>. Los precios del petr\u00f3leo han aumentado en m\u00e1s de un 100 % durante los \u00faltimos seis meses. Si esta situaci\u00f3n contin\u00faa, el petr\u00f3leo podr\u00eda restar 1 punto porcentual al crecimiento de los importadores de petr\u00f3leo como China, Indonesia, Sud\u00e1frica y Turqu\u00eda. Antes de que estallara la guerra, se proyectaba que Sud\u00e1frica crecer\u00eda alrededor de un&nbsp;<a href=\"https:\/\/openknowledge.worldbank.org\/bitstream\/handle\/10986\/36519\/9781464817601-ch01.pdf\">2 % anual<\/a>&nbsp;(PDF, en ingl\u00e9s) en 2022 y 2023, Turqu\u00eda entre un&nbsp;<a href=\"https:\/\/www.worldbank.org\/en\/news\/press-release\/2022\/02\/25\/global-and-domestic-challenges-weigh-on-outlook-for-turkish-economy-in-2022#:~:text=ANKARA%2C%20Febrero%2025%2C%202022%E2%80%94,Turqu%C3%ADa%20Economic%20Monitor%20report%2C%20released\">2 % y 3 %<\/a>&nbsp;(i) y China e Indonesia un&nbsp;<a href=\"https:\/\/openknowledge.worldbank.org\/bitstream\/handle\/10986\/36519\/9781464817601-ch01.pdf\">5 %<\/a>&nbsp;(PDF, en ingl\u00e9s), por lo que una desaceleraci\u00f3n del crecimiento de 1 punto porcentual significa que el crecimiento se reducir\u00e1 entre una quinta parte y la mitad.<\/p>\n","protected":false},"excerpt":{"rendered":"<p>La guerra en Ucrania no podr\u00eda haber llegado en un peor momento para la econom\u00eda mundial, cuando la recuperaci\u00f3n de la contracci\u00f3n causada por la pandemia hab\u00eda comenzado a&nbsp;debilitarse, la&hellip; <\/p>\n","protected":false},"author":2,"featured_media":151,"comment_status":"closed","ping_status":"open","sticky":false,"template":"","format":"standard","meta":{"fifu_image_url":"","fifu_image_alt":"","footnotes":""},"categories":[21],"tags":[],"class_list":["post-150","post","type-post","status-publish","format-standard","has-post-thumbnail","hentry","category-economia"],"_links":{"self":[{"href":"https:\/\/elmundodelapolitica.com\/v1\/wp-json\/wp\/v2\/posts\/150","targetHints":{"allow":["GET"]}}],"collection":[{"href":"https:\/\/elmundodelapolitica.com\/v1\/wp-json\/wp\/v2\/posts"}],"about":[{"href":"https:\/\/elmundodelapolitica.com\/v1\/wp-json\/wp\/v2\/types\/post"}],"author":[{"embeddable":true,"href":"https:\/\/elmundodelapolitica.com\/v1\/wp-json\/wp\/v2\/users\/2"}],"replies":[{"embeddable":true,"href":"https:\/\/elmundodelapolitica.com\/v1\/wp-json\/wp\/v2\/comments?post=150"}],"version-history":[{"count":0,"href":"https:\/\/elmundodelapolitica.com\/v1\/wp-json\/wp\/v2\/posts\/150\/revisions"}],"wp:featuredmedia":[{"embeddable":true,"href":"https:\/\/elmundodelapolitica.com\/v1\/wp-json\/wp\/v2\/media\/151"}],"wp:attachment":[{"href":"https:\/\/elmundodelapolitica.com\/v1\/wp-json\/wp\/v2\/media?parent=150"}],"wp:term":[{"taxonomy":"category","embeddable":true,"href":"https:\/\/elmundodelapolitica.com\/v1\/wp-json\/wp\/v2\/categories?post=150"},{"taxonomy":"post_tag","embeddable":true,"href":"https:\/\/elmundodelapolitica.com\/v1\/wp-json\/wp\/v2\/tags?post=150"}],"curies":[{"name":"wp","href":"https:\/\/api.w.org\/{rel}","templated":true}]}}