{"id":1494,"date":"2023-01-13T01:05:56","date_gmt":"2023-01-13T05:05:56","guid":{"rendered":"https:\/\/elmundodelapolitica.com\/v1\/?p=1494"},"modified":"2023-01-13T01:05:56","modified_gmt":"2023-01-13T05:05:56","slug":"arajet-cierra-el-ano-2022-como-una-empresa-de-transporte-aereo-lider-en-la-republica-dominicana","status":"publish","type":"post","link":"https:\/\/elmundodelapolitica.com\/v1\/arajet-cierra-el-ano-2022-como-una-empresa-de-transporte-aereo-lider-en-la-republica-dominicana\/","title":{"rendered":"Arajet cierra el a\u00f1o 2022 como una empresa de transporte a\u00e9reo l\u00edder en la Rep\u00fablica Dominicana"},"content":{"rendered":"<p>En 2023, la aerol\u00ednea de tarifa baja ofrecer\u00e1 m\u00e1s de medio mill\u00f3n de asientos para viajar a Norteam\u00e9rica, Centroam\u00e9rica, Sudam\u00e9rica y el Caribe<br \/>\nSANTO DOMINGO, Rep\u00fablica Dominicana&#8211;(BUSINESS WIRE)&#8211;Arajet, la aerol\u00ednea de tarifa baja m\u00e1s joven de la regi\u00f3n del Caribe, anunci\u00f3 hoy que para el cierre del a\u00f1o 2022 se considera empresa de transporte a\u00e9reo l\u00edder en la Rep\u00fablica Dominicana, ya que ha transportado a 81 000 viajeros desde el 15 de septiembre al 31 de diciembre. En 2023, Arajet espera ofrecer m\u00e1s de 500 000 asientos a pasajeros de Norteam\u00e9rica, Centroam\u00e9rica, Sudam\u00e9rica y el Caribe.<\/p>\n<p>\u201cMe siento sumamente orgulloso de lo que hemos logrado en tan poco tiempo\u201d, expres\u00f3 V\u00edctor Pacheco, CEO y fundador de Arajet. \u201cDesde que Arajet inici\u00f3 sus operaciones oficialmente en septiembre, miles de dominicanos que nunca hab\u00edan volado han podido hacerlo. Estamos muy entusiasmados de enfocarnos en continuar con nuestro impacto positivo para atraer turistas de destinos que nunca se hab\u00edan conectado directamente\u201d.<\/p>\n<p>La llegada de Arajet a la Rep\u00fablica Dominicana tiene un gran impacto en el turismo. En comparaci\u00f3n con a\u00f1os anteriores, la cantidad de viajeros a la regi\u00f3n aument\u00f3 significativamente, dado que esas rutas se introdujeron en 2022.<\/p>\n<p>Arajet, que ha abierto 17 destinos desde su lanzamiento en septiembre de 2022, es la \u00fanica aerol\u00ednea de la regi\u00f3n que ha iniciado operaciones con aviones completamente nuevos y de alta eficiencia. \u201cEsperamos duplicar nuestra flota de aviones Boeing 737MAX8 en 2023, a la vez que mantenemos nuestro desempe\u00f1o seg\u00fan nuestro plan de crecimiento y brindamos a los viajeros dominicanos nuevas opciones de vuelo, tarifas m\u00e1s bajas y un mejor servicio\u201d, coment\u00f3 Pacheco.<\/p>\n<p>En consonancia con su misi\u00f3n de democratizar la aviaci\u00f3n, recientemente, Arajet lanz\u00f3 varias alianzas y productos. Por ejemplo, ha emprendido una alianza con PagaTodo que permite a los residentes de Rep\u00fablica Dominicana comprar boletos a\u00e9reos y pagar en efectivo en cualquiera de los 1500 correos de PagaTodo en todo el pa\u00eds. Adem\u00e1s, hace poco, la aerol\u00ednea present\u00f3 Arabonito, un bono corporativo que permite a las empresas premiar el desempe\u00f1o de sus empleados con la compra de boletos de avi\u00f3n o servicios.<\/p>\n<p>Acerca de Arajet<\/p>\n<p>Arajet es la primera aerol\u00ednea de tarifas bajas en la regi\u00f3n del Caribe, que comenz\u00f3 a operar en septiembre de 2022 desde su base en el aeropuerto de Las Am\u00e9ricas en Santo Domingo, bajo su certificado de operador a\u00e9reo (AOC) de la Rep\u00fablica Dominicana. Arajet operar\u00e1 una nueva flota de aviones Boeing 737MAX-8 que ofrecen viajes seguros y asequibles desde y hacia la Rep\u00fablica Dominicana a varios destinos en Am\u00e9rica del Norte, Central y del Sur, y la regi\u00f3n del Caribe. Para obtener m\u00e1s informaci\u00f3n, visite www.Arajet.com.<\/p>\n<p>El texto original en el idioma fuente de este comunicado es la versi\u00f3n oficial autorizada. Las traducciones solo se suministran como adaptaci\u00f3n y deben cotejarse con el texto en el idioma fuente, que es la \u00fanica versi\u00f3n del texto que tendr\u00e1 un efecto legal.<br \/>\n Contacts<br \/>\nContacto con los medios de comunicaci\u00f3n:<br \/>\nGeraldine Villasmil \u2013 Gerente de ComunicacionesGeraldine.Villasmil@arajet.com<\/p>\n","protected":false},"excerpt":{"rendered":"<div>\n<p class=\"bwalignc\">\n<i>En 2023, la aerol\u00ednea de tarifa baja ofrecer\u00e1 m\u00e1s de medio mill\u00f3n de asientos para viajar a Norteam\u00e9rica, Centroam\u00e9rica, Sudam\u00e9rica y el Caribe<\/i>\n<\/p>\n<p>SANTO DOMINGO, Rep\u00fablica Dominicana&#8211;(BUSINESS WIRE)&#8211;Arajet, la aerol\u00ednea de tarifa baja m\u00e1s joven de la regi\u00f3n del Caribe, anunci\u00f3 hoy que para el cierre del a\u00f1o 2022 se considera empresa de transporte a\u00e9reo l\u00edder en la Rep\u00fablica Dominicana, ya que ha transportado a 81 000 viajeros desde el 15 de septiembre al 31 de diciembre. En 2023, Arajet espera ofrecer m\u00e1s de 500 000 asientos a pasajeros de Norteam\u00e9rica, Centroam\u00e9rica, Sudam\u00e9rica y el Caribe.\n<\/p>\n<p><a href=\"https:\/\/mms.businesswire.com\/media\/20230112005805\/es\/1685009\/5\/Dominican_Republic_Launch_3_copy.jpg\"><img decoding=\"async\" src=\"https:\/\/mms.businesswire.com\/media\/20230112005804\/en\/1685009\/21\/Dominican_Republic_Launch_3_copy.jpg\"><\/a><br \/><a href=\"https:\/\/mms.businesswire.com\/media\/20230112005805\/es\/1685013\/4\/Arajet_Logo.jpg\"><img decoding=\"async\" src=\"https:\/\/mms.businesswire.com\/media\/20230112005804\/en\/1685013\/21\/Arajet_Logo.jpg\"><\/a><\/p>\n<p>\n\u201c<!-- no quote -->Me siento sumamente orgulloso de lo que hemos logrado en tan poco tiempo\u201d, expres\u00f3 V\u00edctor Pacheco, CEO y fundador de Arajet. \u201c<!-- no quote -->Desde que Arajet inici\u00f3 sus operaciones oficialmente en septiembre, miles de dominicanos que nunca hab\u00edan volado han podido hacerlo. Estamos muy entusiasmados de enfocarnos en continuar con nuestro impacto positivo para atraer turistas de destinos que nunca se hab\u00edan conectado directamente\u201d.\n<\/p>\n<p>\nLa llegada de Arajet a la Rep\u00fablica Dominicana tiene un gran impacto en el turismo. En comparaci\u00f3n con a\u00f1os anteriores, la cantidad de viajeros a la regi\u00f3n aument\u00f3 significativamente, dado que esas rutas se introdujeron en 2022.\n<\/p>\n<p>\nArajet, que ha abierto 17 destinos desde su lanzamiento en septiembre de 2022, es la \u00fanica aerol\u00ednea de la regi\u00f3n que ha iniciado operaciones con aviones completamente nuevos y de alta eficiencia. \u201c<!-- no quote -->Esperamos duplicar nuestra flota de aviones Boeing 737MAX8 en 2023, a la vez que mantenemos nuestro desempe\u00f1o seg\u00fan nuestro plan de crecimiento y brindamos a los viajeros dominicanos nuevas opciones de vuelo, tarifas m\u00e1s bajas y un mejor servicio\u201d, coment\u00f3 Pacheco.\n<\/p>\n<p>\nEn consonancia con su misi\u00f3n de democratizar la aviaci\u00f3n, recientemente, Arajet lanz\u00f3 varias alianzas y productos. Por ejemplo, ha emprendido una alianza con PagaTodo que permite a los residentes de Rep\u00fablica Dominicana comprar boletos a\u00e9reos y pagar en efectivo en cualquiera de los 1500 correos de PagaTodo en todo el pa\u00eds. Adem\u00e1s, hace poco, la aerol\u00ednea present\u00f3 Arabonito, un bono corporativo que permite a las empresas premiar el desempe\u00f1o de sus empleados con la compra de boletos de avi\u00f3n o servicios.\n<\/p>\n<p>\n<b><span class=\"bwuline\">Acerca de Arajet<\/span><\/b>\n<\/p>\n<p>\nArajet es la primera<b> <\/b>aerol\u00ednea de tarifas bajas en la regi\u00f3n del Caribe, que comenz\u00f3 a operar en septiembre de 2022 desde su base en el aeropuerto de Las Am\u00e9ricas en Santo Domingo, bajo su certificado de operador a\u00e9reo (AOC) de la Rep\u00fablica Dominicana. Arajet operar\u00e1 una nueva flota de aviones Boeing 737MAX-8 que ofrecen viajes seguros y asequibles desde y hacia la Rep\u00fablica Dominicana a varios destinos en Am\u00e9rica del Norte, Central y del Sur, y la regi\u00f3n del Caribe. Para obtener m\u00e1s informaci\u00f3n, visite <a target=\"_blank\" href=\"https:\/\/cts.businesswire.com\/ct\/CT?id=smartlink&amp;url=http%3A%2F%2Fwww.Arajet.com&amp;esheet=53211248&amp;newsitemid=20230112005805&amp;lan=es-AR&amp;anchor=www.Arajet.com&amp;index=1&amp;md5=21c4eaa424eeae134314ef5c15f1ba41\" rel=\"nofollow noopener\">www.Arajet.com<\/a>.\n<\/p>\n<p>\nEl texto original en el idioma fuente de este comunicado es la versi\u00f3n oficial autorizada. Las traducciones solo se suministran como adaptaci\u00f3n y deben cotejarse con el texto en el idioma fuente, que es la \u00fanica versi\u00f3n del texto que tendr\u00e1 un efecto legal.\n<\/p>\n<p> <b>Contacts<\/b> <\/p>\n<p>\nContacto con los medios de comunicaci\u00f3n:<br \/>\n<br \/><b>Geraldine Villasmil \u2013 Gerente de Comunicaciones<\/b><br \/><a target=\"_blank\" href=\"mailto:Geraldine.Villasmil@arajet.com\" rel=\"nofollow noopener\">Geraldine.Villasmil@arajet.com<\/a>\n<\/p>\n<\/div>\n","protected":false},"author":2,"featured_media":1495,"comment_status":"closed","ping_status":"closed","sticky":false,"template":"","format":"standard","meta":{"fifu_image_url":"","fifu_image_alt":"","footnotes":""},"categories":[44],"tags":[],"class_list":["post-1494","post","type-post","status-publish","format-standard","has-post-thumbnail","hentry","category-business-wire"],"_links":{"self":[{"href":"https:\/\/elmundodelapolitica.com\/v1\/wp-json\/wp\/v2\/posts\/1494","targetHints":{"allow":["GET"]}}],"collection":[{"href":"https:\/\/elmundodelapolitica.com\/v1\/wp-json\/wp\/v2\/posts"}],"about":[{"href":"https:\/\/elmundodelapolitica.com\/v1\/wp-json\/wp\/v2\/types\/post"}],"author":[{"embeddable":true,"href":"https:\/\/elmundodelapolitica.com\/v1\/wp-json\/wp\/v2\/users\/2"}],"replies":[{"embeddable":true,"href":"https:\/\/elmundodelapolitica.com\/v1\/wp-json\/wp\/v2\/comments?post=1494"}],"version-history":[{"count":0,"href":"https:\/\/elmundodelapolitica.com\/v1\/wp-json\/wp\/v2\/posts\/1494\/revisions"}],"wp:featuredmedia":[{"embeddable":true,"href":"https:\/\/elmundodelapolitica.com\/v1\/wp-json\/wp\/v2\/media\/1495"}],"wp:attachment":[{"href":"https:\/\/elmundodelapolitica.com\/v1\/wp-json\/wp\/v2\/media?parent=1494"}],"wp:term":[{"taxonomy":"category","embeddable":true,"href":"https:\/\/elmundodelapolitica.com\/v1\/wp-json\/wp\/v2\/categories?post=1494"},{"taxonomy":"post_tag","embeddable":true,"href":"https:\/\/elmundodelapolitica.com\/v1\/wp-json\/wp\/v2\/tags?post=1494"}],"curies":[{"name":"wp","href":"https:\/\/api.w.org\/{rel}","templated":true}]}}