{"id":1485,"date":"2023-01-12T22:49:51","date_gmt":"2023-01-13T02:49:51","guid":{"rendered":"https:\/\/elmundodelapolitica.com\/v1\/?p=1485"},"modified":"2023-01-12T22:49:53","modified_gmt":"2023-01-13T02:49:53","slug":"senado-de-la-republica-convierte-en-ley-proyecto-de-los-actos-del-estado-civil","status":"publish","type":"post","link":"https:\/\/elmundodelapolitica.com\/v1\/senado-de-la-republica-convierte-en-ley-proyecto-de-los-actos-del-estado-civil\/","title":{"rendered":"Senado de la Rep\u00fablica convierte en ley Proyecto de los Actos del Estado Civil"},"content":{"rendered":"\n<p>Santo Domingo. RD.- El Senado de la Rep\u00fablica aprob\u00f3 a unanimidad y en \u00fanica lectura, el Proyecto de Ley Org\u00e1nica de los Actos del Estado Civil, con la cual los padres podr\u00e1n establecer el orden de los apellidos de los ni\u00f1os.<\/p>\n\n\n\n<p>La pieza legislativa presentada por el senador de Pedernales, Dionis S\u00e1nchez, cuenta con m\u00e1s de 30 novedades que rigen las actuaciones y efectos del Sistema Nacional de Registro del Estado Civil desde el nacimiento hasta el momento del fallecimiento de un ciudadano.<\/p>\n\n\n\n<p>El proyecto indica que, de no existir un acuerdo entre los padres por el orden del apellido de su hijo, el oficial del Estado Civil resolver\u00e1 el desacuerdo mediante sorteo o como lo establezca Junta Central Electoral (JCE), en presencia de los progenitores. Estos cambios no son para familias ya establecidas, sino para las parejas que inician como nuevos padres de familia, seg\u00fan lo establece el art\u00edculo 84 de la normativa.<\/p>\n\n\n\n<p>La pieza legislativa, que ahora pasa al Poder Ejecutivo para su promulgaci\u00f3n, se\u00f1ala que, al cumplir la mayor\u00eda de edad, la persona podr\u00e1 disponer del cambio del orden de sus apellidos, solo en el momento de obtener su primera c\u00e9dula.<\/p>\n\n\n\n<p>El Pleno Senatorial aprob\u00f3 en segunda lectura el Proyecto de Ley sobre Bienes Incautados, Secuestrados, Abandonados, Decomisados y en Extinci\u00f3n de Dominio, propuesta por el Poder Ejecutivo.<\/p>\n\n\n\n<p>El proyecto tiene el prop\u00f3sito de crear un sistema de administraci\u00f3n, control y mantenimiento de los bienes que sean incautados, secuestrados o abandonados en el curso de un proceso penal o de extinci\u00f3n de dominio, as\u00ed como su destinaci\u00f3n final a los casos en que se disponga su decomiso o se declare la extinci\u00f3n de dominio mediante sentencia definitiva.<\/p>\n\n\n\n<p>Los senadores sancionaron en primera lectura el Proyecto de Ley que designa con el nombre de Rafael Corpor\u00e1n de los Santos un tramo de la avenida Charles Sumner, que va desde la avenida Winston Churchill hasta la calle Nicol\u00e1s Ure\u00f1a de Mendoza, de la ciudad de Santo Domingo. La iniciativa fue propuesta por el senador Franklin Romero, con el objeto honrar la memoria del destacado comunicador Rafael Corpor\u00e1n de los Santos.<\/p>\n\n\n\n<p>La C\u00e1mara Alta aprob\u00f3 la Resoluci\u00f3n que reconoce de manera p\u00f3stuma a la gloria de la m\u00fasica y la composici\u00f3n, V\u00edctor V\u00edctor, por sus grandes aportes al arte y a la sociedad dominicana, propuesta por los senadores Faride Raful, Aris Yv\u00e1n Lorenzo y Eduardo Estrella.<\/p>\n\n\n\n<p>En su turno de ponencia, el senador Franklin Rodr\u00edguez dijo que Hait\u00ed espera por la ayuda de la comunidad internacional que se comprometi\u00f3 otorgar, tras el terremoto del 12 de enero de 2010. Sostuvo que Rep\u00fablica Dominicana fue la \u00fanica naci\u00f3n que cumpli\u00f3 su promesa.<\/p>\n\n\n\n<p>El senador Antonio Marte pidi\u00f3 modificar la Ley 87-01 sobre el Sistema de Seguridad Social, al repudiar la medida de los m\u00e9dicos de no aceptar seguros de salud.<\/p>\n\n\n\n<p>El senador Ram\u00f3n Rogelio Genao solicit\u00f3 al Poder Ejecutivo convocar una Legislatura Extraordinaria, para conocer importantes iniciativas pendientes. De igual manera, respald\u00f3 la Ley de Fideicomiso P\u00fablico, especialmente al Fideicomiso Pro-Pedernales.<\/p>\n\n\n\n<p>El senador Aris Yv\u00e1n Lorenzo critic\u00f3 el Proyecto de Ley sobre Fideicomisos P\u00fablicos y a los funcionarios p\u00fablicos que respaldan la iniciativa.<\/p>\n\n\n\n<p>El senador Antonio Taveras Guzm\u00e1n, en su turno de ponencias, pidi\u00f3 un minuto de silencio al conmemorarse este 12 de enero el D\u00eda de la Resistencia. Adem\u00e1s, felicit\u00f3 a los senadores por la productiva labor desarrollada en la C\u00e1mara Alta.<\/p>\n\n\n\n<p>El senador Ram\u00f3n Pimentel defendi\u00f3 la transparencia con la que se maneja el actual Gobierno, y respald\u00f3 la Ley sobre el Fideicomiso P\u00fablico.<\/p>\n\n\n\n<p>Sobre la Ley de Fideicomiso P\u00fablico, la senadora Faride Raful resalt\u00f3 el trabajo de Comisi\u00f3n de Hacienda, de la que era presidenta. \u201cHicimos lo que ten\u00edamos que hacer. Eso se trabaj\u00f3 y se aprob\u00f3 aqu\u00ed. Y por primera vez estamos construyendo un marco legal para cada fideicomiso\u201d.<\/p>\n\n\n\n<p>El senador Lenin Valdez lament\u00f3 que a veces los cambios no se comprendan, y en nombre de su provincia, Monte Plata, agradeci\u00f3 al presidente Luis Abinader las inversiones hechas por el Gobierno, como varias carreteras y otras obras de infraestructura.<\/p>\n","protected":false},"excerpt":{"rendered":"<p>Santo Domingo. RD.- El Senado de la Rep\u00fablica aprob\u00f3 a unanimidad y en \u00fanica lectura, el Proyecto de Ley Org\u00e1nica de los Actos del Estado Civil, con la cual los&hellip; <\/p>\n","protected":false},"author":2,"featured_media":1486,"comment_status":"closed","ping_status":"closed","sticky":false,"template":"","format":"standard","meta":{"fifu_image_url":"","fifu_image_alt":"","footnotes":""},"categories":[55],"tags":[],"class_list":["post-1485","post","type-post","status-publish","format-standard","has-post-thumbnail","hentry","category-congreso-y-legislacion"],"_links":{"self":[{"href":"https:\/\/elmundodelapolitica.com\/v1\/wp-json\/wp\/v2\/posts\/1485","targetHints":{"allow":["GET"]}}],"collection":[{"href":"https:\/\/elmundodelapolitica.com\/v1\/wp-json\/wp\/v2\/posts"}],"about":[{"href":"https:\/\/elmundodelapolitica.com\/v1\/wp-json\/wp\/v2\/types\/post"}],"author":[{"embeddable":true,"href":"https:\/\/elmundodelapolitica.com\/v1\/wp-json\/wp\/v2\/users\/2"}],"replies":[{"embeddable":true,"href":"https:\/\/elmundodelapolitica.com\/v1\/wp-json\/wp\/v2\/comments?post=1485"}],"version-history":[{"count":1,"href":"https:\/\/elmundodelapolitica.com\/v1\/wp-json\/wp\/v2\/posts\/1485\/revisions"}],"predecessor-version":[{"id":1487,"href":"https:\/\/elmundodelapolitica.com\/v1\/wp-json\/wp\/v2\/posts\/1485\/revisions\/1487"}],"wp:featuredmedia":[{"embeddable":true,"href":"https:\/\/elmundodelapolitica.com\/v1\/wp-json\/wp\/v2\/media\/1486"}],"wp:attachment":[{"href":"https:\/\/elmundodelapolitica.com\/v1\/wp-json\/wp\/v2\/media?parent=1485"}],"wp:term":[{"taxonomy":"category","embeddable":true,"href":"https:\/\/elmundodelapolitica.com\/v1\/wp-json\/wp\/v2\/categories?post=1485"},{"taxonomy":"post_tag","embeddable":true,"href":"https:\/\/elmundodelapolitica.com\/v1\/wp-json\/wp\/v2\/tags?post=1485"}],"curies":[{"name":"wp","href":"https:\/\/api.w.org\/{rel}","templated":true}]}}