{"id":1479,"date":"2023-01-12T22:39:05","date_gmt":"2023-01-13T02:39:05","guid":{"rendered":"https:\/\/elmundodelapolitica.com\/v1\/?p=1479"},"modified":"2023-01-12T22:43:20","modified_gmt":"2023-01-13T02:43:20","slug":"conep-reconoce-al-presidente-luis-abinader-por-sus-multiples-acciones-orientadas-al-desarrollo-sostenible-del-pais","status":"publish","type":"post","link":"https:\/\/elmundodelapolitica.com\/v1\/conep-reconoce-al-presidente-luis-abinader-por-sus-multiples-acciones-orientadas-al-desarrollo-sostenible-del-pais\/","title":{"rendered":"CONEP reconoce al Presidente Luis Abinader por sus m\u00faltiples acciones orientadas al desarrollo sostenible del pa\u00eds"},"content":{"rendered":"\n<p>Santo Domingo. &#8211;<strong>&nbsp;El Presidente Luis Abinader<\/strong>&nbsp;afirm\u00f3 este jueves, al ser&nbsp;<strong>reconocido por el Consejo Nacional de la Empresa Privada (CONEP),<\/strong>&nbsp;que se siente m\u00e1s comprometido con el pa\u00eds y el sector privado y que&nbsp;<strong>este<\/strong>&nbsp;<strong>es un Gobierno pro empresa y empleos.&nbsp;&nbsp;<\/strong><\/p>\n\n\n\n<p>Del mismo modo, valor\u00f3 la&nbsp;<strong>unidad de criterios<\/strong>&nbsp;entre el Gobierno y los sectores productivos del pa\u00eds.<\/p>\n\n\n\n<p>El Presidente Abinader fue reconocido por el CONEP por sus m\u00faltiples acciones orientadas al desarrollo sostenible del pa\u00eds,&nbsp;<strong>valorando y apoyando la iniciativa privada como socio estrat\u00e9gico para alcanzar dicho fin.<\/strong><\/p>\n\n\n\n<p>El reconocimiento fue entregado al jefe del Estado por el nuevo presidente del CONEP,&nbsp;<strong>Celso Marranzini<\/strong>&nbsp;y el saliente presidente de esta entidad,&nbsp;<strong>Pedro Brache<\/strong>.<\/p>\n\n\n\n<p>Este reconocimiento tuvo lugar en el&nbsp;<strong>acto de juramentaci\u00f3n de la nueva junta de directores del CONEP<\/strong>, realizada en el hotel El Embajador.<\/p>\n\n\n\n<p>Al pronunciar el discurso de toma de posesi\u00f3n, el nuevo presidente del CONEP, Celso Marranzini, agradeci\u00f3 al Presidente Abinader por el&nbsp;<strong>ambiente de confianza<\/strong>&nbsp;que ha desarrollado en el pa\u00eds y por su&nbsp;<strong>apertura al di\u00e1logo y al consenso<\/strong>.<\/p>\n\n\n\n<p>De su lado, el saliente presidente del CONEP, Pedro Brache, reconoci\u00f3 al mandatario por su&nbsp;<strong>aporte y alianza a favor del empresariado.<\/strong><\/p>\n\n\n\n<p>En tanto, el vicepresidente ejecutivo de la entidad,&nbsp;<strong>C\u00e9sar Dargam,<\/strong>&nbsp;<strong>salud\u00f3 las oportunas medidas monetarias<\/strong>&nbsp;del jefe de Estado a favor del pa\u00eds.<\/p>\n\n\n\n<p>A esto agreg\u00f3 que el Presidente Abinader ha inyectado a la naci\u00f3n&nbsp;<strong>estabilidad pol\u00edtica y desarrollo social.<\/strong><\/p>\n\n\n\n<p><strong>Pedro Brache fue reconocido por su labor a lo largo de sus gestiones en el CONEP<\/strong>, durante el per\u00edodo 2015-2017 como segundo vicepresidente y como presidente en los per\u00edodos 2017-2018, 2019-2020 y 2021-2022.<\/p>\n\n\n\n<p>Otros reconocidos fueron Rafael Del Toro, Jos\u00e9 Luis Magad\u00e1n, M\u00e1ximo Vidal, Jorge Montalvo, Danilo Ginebra y Luciano Carrillo.<\/p>\n\n\n\n<p>En el acto estuvieron presentes el presidente del Senado, Eduardo Estrella; el Ministro de Industria, Comercio y Mipymes, Ito Bison\u00f3; el director general de Aduanas, Eduardo Sanz Lovat\u00f3n, y la directora general de \u00c9tica e Integridad Gubernamental (DIGEIG), Milagros Ortiz Bosch.<\/p>\n\n\n\n<p>Asimismo, el Ministro de Vivienda y Edificaciones, Carlos Bonilla, y el director de Impuestos Internos, Luis Valdez, entre otros funcionarios e invitados especiales.<\/p>\n","protected":false},"excerpt":{"rendered":"<p>Santo Domingo. &#8211;&nbsp;El Presidente Luis Abinader&nbsp;afirm\u00f3 este jueves, al ser&nbsp;reconocido por el Consejo Nacional de la Empresa Privada (CONEP),&nbsp;que se siente m\u00e1s comprometido con el pa\u00eds y el sector privado&hellip; <\/p>\n","protected":false},"author":2,"featured_media":1480,"comment_status":"open","ping_status":"open","sticky":false,"template":"","format":"standard","meta":{"fifu_image_url":"","fifu_image_alt":"","footnotes":""},"categories":[40],"tags":[],"class_list":["post-1479","post","type-post","status-publish","format-standard","has-post-thumbnail","hentry","category-empresarial"],"_links":{"self":[{"href":"https:\/\/elmundodelapolitica.com\/v1\/wp-json\/wp\/v2\/posts\/1479","targetHints":{"allow":["GET"]}}],"collection":[{"href":"https:\/\/elmundodelapolitica.com\/v1\/wp-json\/wp\/v2\/posts"}],"about":[{"href":"https:\/\/elmundodelapolitica.com\/v1\/wp-json\/wp\/v2\/types\/post"}],"author":[{"embeddable":true,"href":"https:\/\/elmundodelapolitica.com\/v1\/wp-json\/wp\/v2\/users\/2"}],"replies":[{"embeddable":true,"href":"https:\/\/elmundodelapolitica.com\/v1\/wp-json\/wp\/v2\/comments?post=1479"}],"version-history":[{"count":2,"href":"https:\/\/elmundodelapolitica.com\/v1\/wp-json\/wp\/v2\/posts\/1479\/revisions"}],"predecessor-version":[{"id":1483,"href":"https:\/\/elmundodelapolitica.com\/v1\/wp-json\/wp\/v2\/posts\/1479\/revisions\/1483"}],"wp:featuredmedia":[{"embeddable":true,"href":"https:\/\/elmundodelapolitica.com\/v1\/wp-json\/wp\/v2\/media\/1480"}],"wp:attachment":[{"href":"https:\/\/elmundodelapolitica.com\/v1\/wp-json\/wp\/v2\/media?parent=1479"}],"wp:term":[{"taxonomy":"category","embeddable":true,"href":"https:\/\/elmundodelapolitica.com\/v1\/wp-json\/wp\/v2\/categories?post=1479"},{"taxonomy":"post_tag","embeddable":true,"href":"https:\/\/elmundodelapolitica.com\/v1\/wp-json\/wp\/v2\/tags?post=1479"}],"curies":[{"name":"wp","href":"https:\/\/api.w.org\/{rel}","templated":true}]}}