{"id":1465,"date":"2023-01-12T01:05:52","date_gmt":"2023-01-12T05:05:52","guid":{"rendered":"https:\/\/elmundodelapolitica.com\/v1\/?p=1465"},"modified":"2023-01-12T01:05:52","modified_gmt":"2023-01-12T05:05:52","slug":"arabia-saudita-participa-en-la-reunion-anual-del-foro-economico-mundial-2023-con-una-delegacion-de-alto-nivel","status":"publish","type":"post","link":"https:\/\/elmundodelapolitica.com\/v1\/arabia-saudita-participa-en-la-reunion-anual-del-foro-economico-mundial-2023-con-una-delegacion-de-alto-nivel\/","title":{"rendered":"Arabia Saudita participa en la Reuni\u00f3n Anual del Foro Econ\u00f3mico Mundial 2023 con una delegaci\u00f3n de alto nivel"},"content":{"rendered":"<p>RIAD, Arabia Saudita&#8211;(BUSINESS WIRE)&#8211;Una delegaci\u00f3n de alto nivel del Reino de Arabia Saudita participar\u00e1 en la Reuni\u00f3n Anual 2023 del Foro Econ\u00f3mico Mundial (FEM)\/(WEF) en Davos, Suiza, para mejorar la cooperaci\u00f3n internacional y dise\u00f1ar soluciones conjuntas a los desaf\u00edos geopol\u00edticos, sociales, econ\u00f3micos y de desarrollo humano actuales.<\/p>\n<p>Volviendo a su formato habitual de invierno despu\u00e9s de que el primer Foro de verano se celebrara en mayo de 2022 debido a la pandemia de COVID-19, la sesi\u00f3n de Davos de este a\u00f1o se llevar\u00e1 a cabo entre el 16 y el 20 de enero bajo el lema \"Cooperaci\u00f3n en un mundo fragmentado\".<\/p>\n<p>Reflejando el enfoque equilibrado del Reino para crear puentes geopol\u00edticos entre todas las regiones para reducir los riesgos a corto plazo mientras se impulsa la reforma multilateral, la delegaci\u00f3n de alto nivel de Arabia Saudita, encabezada por Su Alteza el Pr\u00edncipe Faisal bin Farhan Al Saud, Ministro de Relaciones Exteriores, incluye:<\/p>\n<p>Su Alteza Real la Princesa Reema bint Bandar Al Saud, Embajadora del Custodio de las Dos Mezquitas Sagradas en los Estados Unidos de Am\u00e9rica<\/p>\n<p>Su Excelencia Adel bin Ahmed Al-Jubeir, Ministro de Estado de Relaciones Exteriores y Enviado de Asuntos Clim\u00e1ticos<\/p>\n<p>Su Excelencia Khalid bin Abdulaziz Al-Falih, Ministro de Inversiones<\/p>\n<p>Su Excelencia Mohammed bin Abdullah Al Jadaan, Ministro de Finanzas<\/p>\n<p>Su Excelencia Abdullah bin Amer Alswaha, Ministro de Comunicaciones y Tecnolog\u00eda de la Informaci\u00f3n<\/p>\n<p>Su Excelencia Bandar bin Ibrahim Alkhorayef, Ministro de Industria y Recursos Minerales<\/p>\n<p>Su Excelencia Faisal bin Fadhil Alibrahim, Ministro de Econom\u00eda y Planificaci\u00f3n<\/p>\n<p>Su Excelencia Fahd bin Abdulmohsen Al-Rasheed, Director Ejecutivo de la Comisi\u00f3n Real para la Ciudad de Riyadh<\/p>\n<p>Durante su participaci\u00f3n, la delegaci\u00f3n describir\u00e1 el progreso logrado bajo Saudi Vision 2030, desde que el programa de transformaci\u00f3n fue lanzado en 2016 para una econom\u00eda vibrante que est\u00e9 abierta a la colaboraci\u00f3n con el mundo.<\/p>\n<p>La delegaci\u00f3n saud\u00ed destacar\u00e1 la necesidad de invertir en soluciones transformadoras para los desaf\u00edos transnacionales urgentes, fortalecer la resiliencia y la conectividad de las cadenas comerciales y de suministro cr\u00edticas, y enfatizar la importancia de la seguridad energ\u00e9tica inclusiva para todos.<\/p>\n<p>Con Arabia Saudita emergiendo como la econom\u00eda del G20 de m\u00e1s r\u00e1pido crecimiento en 2022 la delegaci\u00f3n del Reino en el WEF discutir\u00e1 c\u00f3mo el pa\u00eds este manteniendo un desempe\u00f1o s\u00f3lido en el frente a las crecientes presiones globales.<\/p>\n<p>Sobre el Reino de Arabia Saudita en el Foro Econ\u00f3mico Mundial 2023:<\/p>\n<p>Su participaci\u00f3n destaca el compromiso del Reino de entablar di\u00e1logos significativos con otras naciones para dise\u00f1ar soluciones para algunos de los desaf\u00edos m\u00e1s apremiantes del mundo. Al reconocer el papel crucial que juega la cooperaci\u00f3n internacional para garantizar la estabilidad global, Arabia Saudita est\u00e1 intensificando sus esfuerzos en el escenario mundial para actuar como un puente de estabilidad a corto plazo y transformaci\u00f3n a largo plazo.<br \/>\n Contacts<br \/>\nWaoud Alquaied: walquaied@mep.gov.sa<\/p>\n","protected":false},"excerpt":{"rendered":"<div>\n<p>RIAD, Arabia Saudita&#8211;(BUSINESS WIRE)&#8211;Una delegaci\u00f3n de alto nivel del Reino de Arabia Saudita participar\u00e1 en la Reuni\u00f3n Anual 2023 del Foro Econ\u00f3mico Mundial (FEM)\/(<i>WEF<\/i>) en Davos, Suiza, para mejorar la cooperaci\u00f3n internacional y dise\u00f1ar soluciones conjuntas a los desaf\u00edos geopol\u00edticos, sociales, econ\u00f3micos y de desarrollo humano actuales.\n<\/p>\n<p><a href=\"https:\/\/mms.businesswire.com\/media\/20230111005713\/es\/1683384\/5\/Saudi_at_Davos_-_logo.jpg\"><img decoding=\"async\" src=\"https:\/\/mms.businesswire.com\/media\/20230111005709\/en\/1683384\/21\/Saudi_at_Davos_-_logo.jpg\"><\/a><\/p>\n<p>\nVolviendo a su formato habitual de invierno despu\u00e9s de que el primer Foro de verano se celebrara en mayo de 2022 debido a la pandemia de COVID-19, la sesi\u00f3n de Davos de este a\u00f1o se llevar\u00e1 a cabo entre el 16 y el 20 de enero bajo el lema \"Cooperaci\u00f3n en un mundo fragmentado\".\n<\/p>\n<p>\nReflejando el enfoque equilibrado del Reino para crear puentes geopol\u00edticos entre todas las regiones para reducir los riesgos a corto plazo mientras se impulsa la reforma multilateral, la delegaci\u00f3n de alto nivel de Arabia Saudita, encabezada por Su Alteza el Pr\u00edncipe Faisal bin Farhan Al Saud, Ministro de Relaciones Exteriores, incluye:\n<\/p>\n<ul class=\"bwlistdisc\">\n<li>\nSu Alteza Real la Princesa Reema bint Bandar Al Saud, Embajadora del Custodio de las Dos Mezquitas Sagradas en los Estados Unidos de Am\u00e9rica\n<\/li>\n<li>\nSu Excelencia Adel bin Ahmed Al-Jubeir, Ministro de Estado de Relaciones Exteriores y Enviado de Asuntos Clim\u00e1ticos\n<\/li>\n<li>\nSu Excelencia Khalid bin Abdulaziz Al-Falih, Ministro de Inversiones\n<\/li>\n<li>\nSu Excelencia Mohammed bin Abdullah Al Jadaan, Ministro de Finanzas\n<\/li>\n<li>\nSu Excelencia Abdullah bin Amer Alswaha, Ministro de Comunicaciones y Tecnolog\u00eda de la Informaci\u00f3n\n<\/li>\n<li>\nSu Excelencia Bandar bin Ibrahim Alkhorayef, Ministro de Industria y Recursos Minerales\n<\/li>\n<li>\nSu Excelencia Faisal bin Fadhil Alibrahim, Ministro de Econom\u00eda y Planificaci\u00f3n\n<\/li>\n<li>\nSu Excelencia Fahd bin Abdulmohsen Al-Rasheed, Director Ejecutivo de la Comisi\u00f3n Real para la Ciudad de Riyadh\n<\/li>\n<\/ul>\n<p>\nDurante su participaci\u00f3n, la delegaci\u00f3n describir\u00e1 el progreso logrado bajo Saudi Vision 2030, desde que el programa de transformaci\u00f3n fue lanzado en 2016 para una econom\u00eda vibrante que est\u00e9 abierta a la colaboraci\u00f3n con el mundo.\n<\/p>\n<p>\nLa delegaci\u00f3n saud\u00ed destacar\u00e1 la necesidad de invertir en soluciones transformadoras para los desaf\u00edos transnacionales urgentes, fortalecer la resiliencia y la conectividad de las cadenas comerciales y de suministro cr\u00edticas, y enfatizar la importancia de la seguridad energ\u00e9tica inclusiva para todos.\n<\/p>\n<p>\nCon Arabia Saudita emergiendo como la econom\u00eda del G20 de m\u00e1s r\u00e1pido crecimiento en 2022 la delegaci\u00f3n del Reino en el WEF discutir\u00e1 c\u00f3mo el pa\u00eds este manteniendo un desempe\u00f1o s\u00f3lido en el frente a las crecientes presiones globales.\n<\/p>\n<p>\n<b><span class=\"bwuline\">Sobre el Reino de Arabia Saudita en el Foro Econ\u00f3mico Mundial 2023:<\/span><\/b>\n<\/p>\n<p>\nSu participaci\u00f3n destaca el compromiso del Reino de entablar di\u00e1logos significativos con otras naciones para dise\u00f1ar soluciones para algunos de los desaf\u00edos m\u00e1s apremiantes del mundo. Al reconocer el papel crucial que juega la cooperaci\u00f3n internacional para garantizar la estabilidad global, Arabia Saudita est\u00e1 intensificando sus esfuerzos en el escenario mundial para actuar como un puente de estabilidad a corto plazo y transformaci\u00f3n a largo plazo.\n<\/p>\n<p> <b>Contacts<\/b> <\/p>\n<p>\nWaoud Alquaied: <a target=\"_blank\" href=\"mailto:walquaied@mep.gov.sa\" rel=\"nofollow noopener\">walquaied@mep.gov.sa<\/a>\n<\/p>\n<\/div>\n","protected":false},"author":2,"featured_media":1466,"comment_status":"closed","ping_status":"closed","sticky":false,"template":"","format":"standard","meta":{"fifu_image_url":"","fifu_image_alt":"","footnotes":""},"categories":[44],"tags":[],"class_list":["post-1465","post","type-post","status-publish","format-standard","has-post-thumbnail","hentry","category-business-wire"],"_links":{"self":[{"href":"https:\/\/elmundodelapolitica.com\/v1\/wp-json\/wp\/v2\/posts\/1465","targetHints":{"allow":["GET"]}}],"collection":[{"href":"https:\/\/elmundodelapolitica.com\/v1\/wp-json\/wp\/v2\/posts"}],"about":[{"href":"https:\/\/elmundodelapolitica.com\/v1\/wp-json\/wp\/v2\/types\/post"}],"author":[{"embeddable":true,"href":"https:\/\/elmundodelapolitica.com\/v1\/wp-json\/wp\/v2\/users\/2"}],"replies":[{"embeddable":true,"href":"https:\/\/elmundodelapolitica.com\/v1\/wp-json\/wp\/v2\/comments?post=1465"}],"version-history":[{"count":0,"href":"https:\/\/elmundodelapolitica.com\/v1\/wp-json\/wp\/v2\/posts\/1465\/revisions"}],"wp:featuredmedia":[{"embeddable":true,"href":"https:\/\/elmundodelapolitica.com\/v1\/wp-json\/wp\/v2\/media\/1466"}],"wp:attachment":[{"href":"https:\/\/elmundodelapolitica.com\/v1\/wp-json\/wp\/v2\/media?parent=1465"}],"wp:term":[{"taxonomy":"category","embeddable":true,"href":"https:\/\/elmundodelapolitica.com\/v1\/wp-json\/wp\/v2\/categories?post=1465"},{"taxonomy":"post_tag","embeddable":true,"href":"https:\/\/elmundodelapolitica.com\/v1\/wp-json\/wp\/v2\/tags?post=1465"}],"curies":[{"name":"wp","href":"https:\/\/api.w.org\/{rel}","templated":true}]}}