{"id":1457,"date":"2023-01-11T01:02:23","date_gmt":"2023-01-11T05:02:23","guid":{"rendered":"https:\/\/elmundodelapolitica.com\/v1\/?p=1457"},"modified":"2023-01-11T01:02:23","modified_gmt":"2023-01-11T05:02:23","slug":"andersen-global-amplia-su-presencia-en-austria","status":"publish","type":"post","link":"https:\/\/elmundodelapolitica.com\/v1\/andersen-global-amplia-su-presencia-en-austria\/","title":{"rendered":"Andersen Global ampl\u00eda su presencia en Austria"},"content":{"rendered":"<p>SAN FRANCISCO&#8211;(BUSINESS WIRE)&#8211;Andersen Global contin\u00faa ampliando sus iniciativas de expansi\u00f3n en Europa a trav\u00e9s de una Acuerdo de Colaboraci\u00f3n con CHG Czernich Rechtsanw\u00e4lte, un estudio jur\u00eddico que ofrece servicios integrales, con lo cual logra sumar recursos legales a la presencia existente de la organizaci\u00f3n en Austria.<\/p>\n<p>Fundada en 1999, CHG brinda servicios legales a empresas de todos los sectores comerciales. La firma trabaja en cinco grupos de pr\u00e1ctica especializados que se enfocan en derecho corporativo y comercial, derecho comercial, derecho inmobiliario, derecho p\u00fablico y de adquisiciones, y banca y finanzas. Dirigida por el socio gerente Dietmar Czernich, CHG tiene tres ubicaciones en Austria: Innsbruck, Viena y St. Johann\/Kitzb\u00fchel.<\/p>\n<p>\u201cConocemos al detalle las necesidades de nuestros clientes y reconocemos la importancia de ofrecer soluciones integradas a nivel regional y mundial\u201d, dijo Dietmar. \u201cA medida que el espacio legal se vuelve m\u00e1s complejo, la colaboraci\u00f3n de nuestra firma con Andersen Global nos permite expandir nuestros recursos y mantener nuestra ventaja competitiva en la regi\u00f3n para cumplir con las expectativas de los clientes\u201d.<\/p>\n<p>El presidente de Andersen Global y CEO de Andersen, Mark Vorsatz, agreg\u00f3: \u201cDurante m\u00e1s de 20 a\u00f1os, CHG ha perfeccionado un conocimiento legal ejemplar que ser\u00e1 ventajoso para nuestro equipo en la regi\u00f3n. Su incorporaci\u00f3n a nuestra organizaci\u00f3n global solidifica nuestra huella fiscal y legal integral en Austria\u201d.<\/p>\n<p>Andersen Global es una asociaci\u00f3n internacional de firmas miembro independientes y legalmente separadas compuesta por profesionales legales y fiscales de todo el mundo. Establecida en 2013 por la firma miembro estadounidense Andersen Tax LLC, Andersen Global ahora cuenta con m\u00e1s de 13 000 profesionales en todo el mundo y presencia en m\u00e1s de 390 ubicaciones a trav\u00e9s tanto de sus firmas miembro como colaboradoras.<\/p>\n<p>El texto original en el idioma fuente de este comunicado es la versi\u00f3n oficial autorizada. Las traducciones solo se suministran como adaptaci\u00f3n y deben cotejarse con el texto en el idioma fuente, que es la \u00fanica versi\u00f3n del texto que tendr\u00e1 un efecto legal.<br \/>\n Contacts<br \/>\nMegan Tsuei<br \/>\nAndersen Global<br \/>\n415-764-2700<\/p>\n","protected":false},"excerpt":{"rendered":"<div>\n<p>SAN FRANCISCO&#8211;(BUSINESS WIRE)&#8211;Andersen Global contin\u00faa ampliando sus iniciativas de expansi\u00f3n en Europa a trav\u00e9s de una Acuerdo de Colaboraci\u00f3n con CHG Czernich Rechtsanw\u00e4lte, un estudio jur\u00eddico que ofrece servicios integrales, con lo cual logra sumar recursos legales a la presencia existente de la organizaci\u00f3n en Austria.\n<\/p>\n<p>\nFundada en 1999, CHG brinda servicios legales a empresas de todos los sectores comerciales. La firma trabaja en cinco grupos de pr\u00e1ctica especializados que se enfocan en derecho corporativo y comercial, derecho comercial, derecho inmobiliario, derecho p\u00fablico y de adquisiciones, y banca y finanzas. Dirigida por el socio gerente Dietmar Czernich, CHG tiene tres ubicaciones en Austria: Innsbruck, Viena y St. Johann\/Kitzb\u00fchel.\n<\/p>\n<p>\n\u201cConocemos al detalle las necesidades de nuestros clientes y reconocemos la importancia de ofrecer soluciones integradas a nivel regional y mundial\u201d, dijo Dietmar. \u201cA medida que el espacio legal se vuelve m\u00e1s complejo, la colaboraci\u00f3n de nuestra firma con Andersen Global nos permite expandir nuestros recursos y mantener nuestra ventaja competitiva en la regi\u00f3n para cumplir con las expectativas de los clientes\u201d.\n<\/p>\n<p>\nEl presidente de Andersen Global y CEO de Andersen, Mark Vorsatz, agreg\u00f3: \u201cDurante m\u00e1s de 20 a\u00f1os, CHG ha perfeccionado un conocimiento legal ejemplar que ser\u00e1 ventajoso para nuestro equipo en la regi\u00f3n. Su incorporaci\u00f3n a nuestra organizaci\u00f3n global solidifica nuestra huella fiscal y legal integral en Austria\u201d.\n<\/p>\n<p>\n<a target=\"_blank\" href=\"https:\/\/cts.businesswire.com\/ct\/CT?id=smartlink&amp;url=https%3A%2F%2Fglobal.andersen.com%2F&amp;esheet=53184244&amp;newsitemid=20230110005156&amp;lan=es-AR&amp;anchor=Andersen+Global&amp;index=1&amp;md5=da70843023fc585412abf41332168d7f\" rel=\"nofollow noopener\">Andersen Global<\/a> es una asociaci\u00f3n internacional de firmas miembro independientes y legalmente separadas compuesta por profesionales legales y fiscales de todo el mundo. Establecida en 2013 por la firma miembro estadounidense Andersen Tax LLC, Andersen Global ahora cuenta con m\u00e1s de 13 000 profesionales en todo el mundo y presencia en m\u00e1s de 390 ubicaciones a trav\u00e9s tanto de sus firmas miembro como colaboradoras.\n<\/p>\n<p>\nEl texto original en el idioma fuente de este comunicado es la versi\u00f3n oficial autorizada. Las traducciones solo se suministran como adaptaci\u00f3n y deben cotejarse con el texto en el idioma fuente, que es la \u00fanica versi\u00f3n del texto que tendr\u00e1 un efecto legal.\n<\/p>\n<p> <b>Contacts<\/b> <\/p>\n<p>\nMegan Tsuei<br \/>\n<br \/>Andersen Global<br \/>\n<br \/>415-764-2700\n<\/p>\n<\/div>\n","protected":false},"author":2,"featured_media":0,"comment_status":"closed","ping_status":"closed","sticky":false,"template":"","format":"standard","meta":{"fifu_image_url":"","fifu_image_alt":"","footnotes":""},"categories":[44],"tags":[],"class_list":["post-1457","post","type-post","status-publish","format-standard","hentry","category-business-wire"],"_links":{"self":[{"href":"https:\/\/elmundodelapolitica.com\/v1\/wp-json\/wp\/v2\/posts\/1457","targetHints":{"allow":["GET"]}}],"collection":[{"href":"https:\/\/elmundodelapolitica.com\/v1\/wp-json\/wp\/v2\/posts"}],"about":[{"href":"https:\/\/elmundodelapolitica.com\/v1\/wp-json\/wp\/v2\/types\/post"}],"author":[{"embeddable":true,"href":"https:\/\/elmundodelapolitica.com\/v1\/wp-json\/wp\/v2\/users\/2"}],"replies":[{"embeddable":true,"href":"https:\/\/elmundodelapolitica.com\/v1\/wp-json\/wp\/v2\/comments?post=1457"}],"version-history":[{"count":0,"href":"https:\/\/elmundodelapolitica.com\/v1\/wp-json\/wp\/v2\/posts\/1457\/revisions"}],"wp:attachment":[{"href":"https:\/\/elmundodelapolitica.com\/v1\/wp-json\/wp\/v2\/media?parent=1457"}],"wp:term":[{"taxonomy":"category","embeddable":true,"href":"https:\/\/elmundodelapolitica.com\/v1\/wp-json\/wp\/v2\/categories?post=1457"},{"taxonomy":"post_tag","embeddable":true,"href":"https:\/\/elmundodelapolitica.com\/v1\/wp-json\/wp\/v2\/tags?post=1457"}],"curies":[{"name":"wp","href":"https:\/\/api.w.org\/{rel}","templated":true}]}}