{"id":1450,"date":"2023-01-10T09:23:31","date_gmt":"2023-01-10T13:23:31","guid":{"rendered":"https:\/\/elmundodelapolitica.com\/v1\/?p=1450"},"modified":"2023-01-10T09:23:33","modified_gmt":"2023-01-10T13:23:33","slug":"infotep-capacita-mas-1400-dominicanos-en-el-exterior","status":"publish","type":"post","link":"https:\/\/elmundodelapolitica.com\/v1\/infotep-capacita-mas-1400-dominicanos-en-el-exterior\/","title":{"rendered":"<strong>INFOTEP capacita m\u00e1s 1,400 dominicanos en el exterior&nbsp;<\/strong>"},"content":{"rendered":"\n<p>El Instituto Nacional de Formaci\u00f3n T\u00e9cnico Profesional (INFOTEP), ha impactado a mil 434 dominicanos residentes en el exterior inscritos en sus programas de formaci\u00f3n y capacitaci\u00f3n; as\u00ed como de validaci\u00f3n de competencias. &nbsp;<\/p>\n\n\n\n<p>El director general del INFOTEP, Rafael Santos Bad\u00eda, explic\u00f3 que en la primera etapa los dominicanos en ultramar fueron formados en Liderazgo Transformador y en Habilitaci\u00f3n Digital.<\/p>\n\n\n\n<p>Santos Bad\u00eda indic\u00f3 que, con esta acci\u00f3n, el INFOTEP aporta a las pol\u00edticas del Gobierno Central para mejorar la calidad de vida de los dominicanos y dominicanas residentes en distintas partes del mundo, y facilitarles la oportunidad de adquirir empleos dignos en esos pa\u00edses.<\/p>\n\n\n\n<p>El 11 de agosto del 2022, se realiz\u00f3 el lanzamiento del Programa para Am\u00e9rica dirigido a los residentes en distintas ciudades de estos 12 pa\u00edses: &nbsp;Estados Unidos, Jamaica; Puerto Rico; Bonaire; Aruba; Curazao; Antigua y Barbuda; Trinidad y Tobago; Uruguay; Chile; Venezuela y Panam\u00e1.<\/p>\n\n\n\n<p>El programa en Am\u00e9rica impact\u00f3 590 dominicanos con el Curso de Liderazgo Transformador, del cual ya concluyeron la formaci\u00f3n 289 personas.<\/p>\n\n\n\n<p>Adem\u00e1s, 51 dominicanos y dominicanas organizados en el Sindicato Nacional de T\u00e9cnicos de la Televisi\u00f3n Dominicana, el C\u00edrculo de Reporteros Gr\u00e1ficos de Televisi\u00f3n, filial New York; la Asociaci\u00f3n de Cronistas de Arte filial Florida, y la Confederaci\u00f3n Aut\u00f3noma Sindical Clasista se les valid\u00f3 sus conocimientos y fueron certificados en las \u00e1reas:&nbsp;Director de C\u00e1maras, Productor de Televisi\u00f3n, Camar\u00f3grafo de Televisi\u00f3n, Editor de Televisi\u00f3n y Maquillador de Televisi\u00f3n.<\/p>\n\n\n\n<p>Asimismo, el 22 de octubre del 2022, se realiz\u00f3 el lanzamiento del Programa para Europa Occidental dirigido a 14 pa\u00edses Espa\u00f1a, Italia, Francia, Inglaterra, Alemania, Pa\u00edses Bajos, B\u00e9lgica, Austria, Grecia, Suiza, Portugal, Luxemburgo, Noruega y Suecia.<\/p>\n\n\n\n<p>El programa en Europa alcanz\u00f3 a 518dominicanos con el Curso de Liderazgo Transformador y 86 con el Curso de Habilitaci\u00f3n Digital, para un total de 604 participantes.<\/p>\n\n\n\n<p>Actualmente, el INFOTEP, a trav\u00e9s de la Oficina Virtual, est\u00e1 ejecutando 15 Cursos de Liderazgo Transformador en el Continente Europeo, en el que participan&nbsp;<strong>490<\/strong>&nbsp;personas.<\/p>\n\n\n\n<p>En una segunda etapa, los dominicanos y dominicanas en el exterior podr\u00e1n capacitarse en Administraci\u00f3n y \u00c9tica de Ventas, Desarrollar Contenidos Para la Red, Encargado de Marketing Digital, Estrategias para el Auto Empleo, Facilitador de la Formaci\u00f3n Profesional, Ingl\u00e9s B\u00e1sico, Manipulaci\u00f3n de Alimentos, Marketing Digital, Vendedor Online, entre otras.<\/p>\n\n\n\n<p>Las personas interesadas en participar en estos programas para dominicanos residentes en el exterior deben enviar un correo a la direcci\u00f3n electr\u00f3nica&nbsp;<a href=\"mailto:diaspora.dominicana@infotep.gob.do\" target=\"_blank\" rel=\"noreferrer noopener\">diaspora.dominicana@infotep.gob.do<\/a>, con los siguientes datos: Nombres y apellidos, n\u00famero telef\u00f3nico de contacto, direcci\u00f3n de correo electr\u00f3nico, n\u00famero de c\u00e9dula o pasaporte, nombre de la ciudad donde reside.<\/p>\n","protected":false},"excerpt":{"rendered":"<p>El Instituto Nacional de Formaci\u00f3n T\u00e9cnico Profesional (INFOTEP), ha impactado a mil 434 dominicanos residentes en el exterior inscritos en sus programas de formaci\u00f3n y capacitaci\u00f3n; as\u00ed como de validaci\u00f3n&hellip; <\/p>\n","protected":false},"author":2,"featured_media":1451,"comment_status":"open","ping_status":"open","sticky":false,"template":"","format":"standard","meta":{"fifu_image_url":"","fifu_image_alt":"","footnotes":""},"categories":[17],"tags":[],"class_list":["post-1450","post","type-post","status-publish","format-standard","has-post-thumbnail","hentry","category-politica"],"_links":{"self":[{"href":"https:\/\/elmundodelapolitica.com\/v1\/wp-json\/wp\/v2\/posts\/1450","targetHints":{"allow":["GET"]}}],"collection":[{"href":"https:\/\/elmundodelapolitica.com\/v1\/wp-json\/wp\/v2\/posts"}],"about":[{"href":"https:\/\/elmundodelapolitica.com\/v1\/wp-json\/wp\/v2\/types\/post"}],"author":[{"embeddable":true,"href":"https:\/\/elmundodelapolitica.com\/v1\/wp-json\/wp\/v2\/users\/2"}],"replies":[{"embeddable":true,"href":"https:\/\/elmundodelapolitica.com\/v1\/wp-json\/wp\/v2\/comments?post=1450"}],"version-history":[{"count":1,"href":"https:\/\/elmundodelapolitica.com\/v1\/wp-json\/wp\/v2\/posts\/1450\/revisions"}],"predecessor-version":[{"id":1452,"href":"https:\/\/elmundodelapolitica.com\/v1\/wp-json\/wp\/v2\/posts\/1450\/revisions\/1452"}],"wp:featuredmedia":[{"embeddable":true,"href":"https:\/\/elmundodelapolitica.com\/v1\/wp-json\/wp\/v2\/media\/1451"}],"wp:attachment":[{"href":"https:\/\/elmundodelapolitica.com\/v1\/wp-json\/wp\/v2\/media?parent=1450"}],"wp:term":[{"taxonomy":"category","embeddable":true,"href":"https:\/\/elmundodelapolitica.com\/v1\/wp-json\/wp\/v2\/categories?post=1450"},{"taxonomy":"post_tag","embeddable":true,"href":"https:\/\/elmundodelapolitica.com\/v1\/wp-json\/wp\/v2\/tags?post=1450"}],"curies":[{"name":"wp","href":"https:\/\/api.w.org\/{rel}","templated":true}]}}