{"id":1430,"date":"2023-01-08T20:58:07","date_gmt":"2023-01-09T00:58:07","guid":{"rendered":"https:\/\/elmundodelapolitica.com\/v1\/?p=1430"},"modified":"2023-01-08T20:58:09","modified_gmt":"2023-01-09T00:58:09","slug":"mvm-y-prd-respaldan-gobierno-de-brasil-ante-intento-de-desconocer-voluntad-popular","status":"publish","type":"post","link":"https:\/\/elmundodelapolitica.com\/v1\/mvm-y-prd-respaldan-gobierno-de-brasil-ante-intento-de-desconocer-voluntad-popular\/","title":{"rendered":"<a href=\"https:\/\/www.miprd.org\/mvm-y-prd-respaldan-gobierno-de-brasil-ante-intento-de-desconocer-voluntad-popular\/\">MVM y PRD respaldan gobierno de Brasil ante intento de desconocer voluntad popular<\/a>"},"content":{"rendered":"\n<h5 class=\"wp-block-heading\">Se hacen eco de la declaraci\u00f3n de la Internacional Socialista sobre los hechos de este domingo en el pa\u00eds sudamericano.<\/h5>\n\n\n\n<p>Santo Domingo.- El ingeniero Miguel Vargas Maldonado y el Partido Revolucionario Dominicano (PRD) rechazaron categ\u00f3ricamente los hechos subversivos registrados este domingo en Brasil, donde personas que pretenden ignorar la voluntad popular manifestada en las urnas de votaci\u00f3n se han levantado contra el gobierno del presidente Luiz In\u00e1cio Lula da Silva.<\/p>\n\n\n\n<p>En su condici\u00f3n de presidente para&nbsp;<a href=\"https:\/\/www.miprd.org\/comite-para-america-latina-y-el-caribe-de-la-internacional-socialista-condena-intento-de-disolucion-del-congreso-en-el-peru\/\">Am\u00e9rica Latina y el Caribe<\/a>&nbsp;y vicepresidente mundial de la Internacional Socialista, Vargas Maldonado se hizo eco del comunicado que emiti\u00f3 dicha organizaci\u00f3n respaldando firmemente el gobierno brasile\u00f1o que encabeza Lula da Silva.<\/p>\n\n\n\n<p>Tanto el PRD como su presidente coincidieron con la postura asumida por la Internacional Socialista, al condenar el accionar de quienes este domingo ocuparon el Congreso y otros estamentos de Brasil con el prop\u00f3sito de que se produjera un golpe de Estado al reci\u00e9n instalado gobierno.<\/p>\n","protected":false},"excerpt":{"rendered":"<p>Se hacen eco de la declaraci\u00f3n de la Internacional Socialista sobre los hechos de este domingo en el pa\u00eds sudamericano. Santo Domingo.- El ingeniero Miguel Vargas Maldonado y el Partido&hellip; <\/p>\n","protected":false},"author":2,"featured_media":1431,"comment_status":"open","ping_status":"open","sticky":false,"template":"","format":"standard","meta":{"fifu_image_url":"","fifu_image_alt":"","footnotes":""},"categories":[54],"tags":[],"class_list":["post-1430","post","type-post","status-publish","format-standard","has-post-thumbnail","hentry","category-politica_exterior"],"_links":{"self":[{"href":"https:\/\/elmundodelapolitica.com\/v1\/wp-json\/wp\/v2\/posts\/1430","targetHints":{"allow":["GET"]}}],"collection":[{"href":"https:\/\/elmundodelapolitica.com\/v1\/wp-json\/wp\/v2\/posts"}],"about":[{"href":"https:\/\/elmundodelapolitica.com\/v1\/wp-json\/wp\/v2\/types\/post"}],"author":[{"embeddable":true,"href":"https:\/\/elmundodelapolitica.com\/v1\/wp-json\/wp\/v2\/users\/2"}],"replies":[{"embeddable":true,"href":"https:\/\/elmundodelapolitica.com\/v1\/wp-json\/wp\/v2\/comments?post=1430"}],"version-history":[{"count":1,"href":"https:\/\/elmundodelapolitica.com\/v1\/wp-json\/wp\/v2\/posts\/1430\/revisions"}],"predecessor-version":[{"id":1432,"href":"https:\/\/elmundodelapolitica.com\/v1\/wp-json\/wp\/v2\/posts\/1430\/revisions\/1432"}],"wp:featuredmedia":[{"embeddable":true,"href":"https:\/\/elmundodelapolitica.com\/v1\/wp-json\/wp\/v2\/media\/1431"}],"wp:attachment":[{"href":"https:\/\/elmundodelapolitica.com\/v1\/wp-json\/wp\/v2\/media?parent=1430"}],"wp:term":[{"taxonomy":"category","embeddable":true,"href":"https:\/\/elmundodelapolitica.com\/v1\/wp-json\/wp\/v2\/categories?post=1430"},{"taxonomy":"post_tag","embeddable":true,"href":"https:\/\/elmundodelapolitica.com\/v1\/wp-json\/wp\/v2\/tags?post=1430"}],"curies":[{"name":"wp","href":"https:\/\/api.w.org\/{rel}","templated":true}]}}