{"id":140,"date":"2022-03-22T15:47:35","date_gmt":"2022-03-22T19:47:35","guid":{"rendered":"http:\/\/www.elmundodelapolitica.com\/v2\/?p=25136"},"modified":"2022-03-22T15:47:35","modified_gmt":"2022-03-22T19:47:35","slug":"inauguran-el-centro-de-investigacion-de-politicas-publicas-de-republica-dominicana","status":"publish","type":"post","link":"https:\/\/elmundodelapolitica.com\/v1\/inauguran-el-centro-de-investigacion-de-politicas-publicas-de-republica-dominicana\/","title":{"rendered":"Inauguran el Centro de Investigaci\u00f3n de Pol\u00edticas P\u00fablicas de Rep\u00fablica Dominicana"},"content":{"rendered":"\n<p>Con la finalidad de analizar, evaluar y dar seguimiento a las realizaciones presentes y futuras de los gobiernos, profesionales de diferentes ramas del saber dejaron inaugurado el Centro de Investigaci\u00f3n de Pol\u00edticas P\u00fablicas (CIPP) de la Rep\u00fablica Dominicana.<\/p>\n\n\n\n<p>Al hablar durante el acto de lanzamiento, el presidente del CIPP, Rafael N\u00fa\u00f1ez, manifest\u00f3 que la falta de claridad en la ejecuci\u00f3n de las pol\u00edticas p\u00fablicas arrastra un clientelismo que en Am\u00e9rica Latina ha dado al traste con el prestigio de pol\u00edticos, funcionarios y proyectos partidistas.<\/p>\n\n\n\n<p>\u201cNinguna administraci\u00f3n, no importa si lleg\u00f3 al poder con los m\u00e1s altos niveles de popularidad, alcanzar\u00e1 los objetivos del programa de Gobierno si carece del rigor de la planificaci\u00f3n en las acciones que emprender\u00e1, de tal suerte que los planes puedan ser cient\u00edficamente medidos y evaluados.\u201d, expres\u00f3.<\/p>\n\n\n\n<p>N\u00fa\u00f1ez destac\u00f3 que, para ser exitoso desde la administraci\u00f3n del Estado, hay que valerse de la metodolog\u00eda que clarifique la concepci\u00f3n de la realidad en t\u00e9rminos de problemas p\u00fablicos a resolver, de manera que al estar \u201cordenada\u201d la gesti\u00f3n se convierta en abarcable con mayores posibilidades de ser controlada y evaluada.<\/p>\n\n\n\n<p>\u201cHay que auxiliarse de las herramientas metodol\u00f3gicas para la presentaci\u00f3n, ejecuci\u00f3n y evaluaci\u00f3n de las pol\u00edticas p\u00fablicas, de manera que esos razonamientos te\u00f3ricos contribuyan al rigor y la disciplina que se deben tener para avanzar con seguridad hacia los objetivos so\u00f1ados\u201d, dijo.<\/p>\n\n\n\n<p>Resalt\u00f3 que el Centro de Investigaci\u00f3n de Pol\u00edticas P\u00fablicas pondr\u00e1 siempre por delante el inter\u00e9s nacional para que las administraciones puedan ir comprendiendo que, si una pol\u00edtica p\u00fablica no cuenta con los medios, no podr\u00e1 alcanzar los fines.<\/p>\n\n\n\n<p>De su lado, Emilia Pereyra, primera vicepresidenta del CIPP, detall\u00f3 que ese \u00f3rgano es un espacio de investigaci\u00f3n, an\u00e1lisis y educaci\u00f3n ciudadana, relacionado con&nbsp;las&nbsp;pol\u00edticas p\u00fablicas, sustentado en informaciones avaladas por el rigor cient\u00edfico, capaz de&nbsp;fomentar&nbsp;un ejercicio de&nbsp;reflexi\u00f3n&nbsp;profunda&nbsp;sobre el trabajo de los distintos actores&nbsp;de la sociedad, a fin de propiciar&nbsp;la articulaci\u00f3n de&nbsp;iniciativas que favorezcan a la naci\u00f3n.<\/p>\n\n\n\n<p>Pereyra adelant\u00f3 que el CIPP enfocar\u00e1 sus investigaciones en temas relativos a la econom\u00eda, el sector laboral, el sector jur\u00eddico y en sectores sociales como educaci\u00f3n, salud, vivienda, seguridad, inmigraci\u00f3n y medio ambiente.<\/p>\n\n\n\n<p>Plante\u00f3 que con la inauguraci\u00f3n de este centro de investigaci\u00f3n se abre una nueva etapa en la sociedad dominicana, en donde las acciones de los gobiernos ser\u00e1n debidamente evaluadas y analizadas, para procurar mayores niveles de transparencia en el uso de los recursos p\u00fablicos.<\/p>\n\n\n\n<p>El lanzamiento del Centro de Investigaci\u00f3n de Pol\u00edticas P\u00fablicas cont\u00f3 con la presencia de V\u00edctor (Ito) Bison\u00f3, ministro de Industria, Comercio y MiPymes; Servio Tulio Casta\u00f1o, vicepresidente ejecutivo de Finjus; Wilfredo Lozano, director general del Instituto Nacional de la Migraci\u00f3n; Yanira Fondeur, presidente de la Fundaci\u00f3n Vida sin Violencia; Leidey Blanco, coordinadora general de Participaci\u00f3n Ciudadana, entre otras personalidades de la sociedad dominicana.<\/p>\n\n\n\n<p><strong>Direcci\u00f3n ejecutiva<\/strong><\/p>\n\n\n\n<p>El Centro de Investigaci\u00f3n de Pol\u00edticas P\u00fablicas est\u00e1 integrado por Rafael N\u00fa\u00f1ez, presidente; Emilia Pereyra, primera vicepresidenta; Gladys Abreu, segunda vicepresidenta; Eliades Acosta Matos, director ejecutivo y de Publicaciones; Igor Bucarelli, director de investigaciones; Maikel Alix, director de Comunicaciones; Julio Pe\u00f1a y Francisco Lara, investigadores.<\/p>\n","protected":false},"excerpt":{"rendered":"<p>Con la finalidad de analizar, evaluar y dar seguimiento a las realizaciones presentes y futuras de los gobiernos, profesionales de diferentes ramas del saber dejaron inaugurado el Centro de Investigaci\u00f3n&hellip; <\/p>\n","protected":false},"author":2,"featured_media":141,"comment_status":"closed","ping_status":"open","sticky":false,"template":"","format":"standard","meta":{"fifu_image_url":"","fifu_image_alt":"","footnotes":""},"categories":[58],"tags":[],"class_list":["post-140","post","type-post","status-publish","format-standard","has-post-thumbnail","hentry","category-capacitacion"],"_links":{"self":[{"href":"https:\/\/elmundodelapolitica.com\/v1\/wp-json\/wp\/v2\/posts\/140","targetHints":{"allow":["GET"]}}],"collection":[{"href":"https:\/\/elmundodelapolitica.com\/v1\/wp-json\/wp\/v2\/posts"}],"about":[{"href":"https:\/\/elmundodelapolitica.com\/v1\/wp-json\/wp\/v2\/types\/post"}],"author":[{"embeddable":true,"href":"https:\/\/elmundodelapolitica.com\/v1\/wp-json\/wp\/v2\/users\/2"}],"replies":[{"embeddable":true,"href":"https:\/\/elmundodelapolitica.com\/v1\/wp-json\/wp\/v2\/comments?post=140"}],"version-history":[{"count":0,"href":"https:\/\/elmundodelapolitica.com\/v1\/wp-json\/wp\/v2\/posts\/140\/revisions"}],"wp:featuredmedia":[{"embeddable":true,"href":"https:\/\/elmundodelapolitica.com\/v1\/wp-json\/wp\/v2\/media\/141"}],"wp:attachment":[{"href":"https:\/\/elmundodelapolitica.com\/v1\/wp-json\/wp\/v2\/media?parent=140"}],"wp:term":[{"taxonomy":"category","embeddable":true,"href":"https:\/\/elmundodelapolitica.com\/v1\/wp-json\/wp\/v2\/categories?post=140"},{"taxonomy":"post_tag","embeddable":true,"href":"https:\/\/elmundodelapolitica.com\/v1\/wp-json\/wp\/v2\/tags?post=140"}],"curies":[{"name":"wp","href":"https:\/\/api.w.org\/{rel}","templated":true}]}}