{"id":1388,"date":"2023-01-03T23:59:03","date_gmt":"2023-01-04T03:59:03","guid":{"rendered":"https:\/\/elmundodelapolitica.com\/v1\/?p=1388"},"modified":"2023-01-03T23:59:04","modified_gmt":"2023-01-04T03:59:04","slug":"poder-ejecutivo-promulga-acuerdo-de-servicios-aereos-con-el-gobierno-de-la-republica-popular-china","status":"publish","type":"post","link":"https:\/\/elmundodelapolitica.com\/v1\/poder-ejecutivo-promulga-acuerdo-de-servicios-aereos-con-el-gobierno-de-la-republica-popular-china\/","title":{"rendered":"Poder Ejecutivo promulga acuerdo de servicios a\u00e9reos con el Gobierno de la Rep\u00fablica Popular China"},"content":{"rendered":"\n<p>Santo Domingo.-&nbsp;<strong>El Poder Ejecutivo<\/strong>&nbsp;promulg\u00f3 el&nbsp;<strong>Acuerdo de Servicios A\u00e9reos<\/strong>&nbsp;entre el Gobierno de<strong>&nbsp;Rep\u00fablica Dominicana<\/strong>&nbsp;y el de la&nbsp;<strong>Rep\u00fablica Popular China<\/strong>.<\/p>\n\n\n\n<p>La disposici\u00f3n presidencial,&nbsp;<strong>del 30 de diciembre de 2022,&nbsp;<\/strong>ordena que la<strong>&nbsp;Resoluci\u00f3n 373-22<\/strong>, aprobada por el Congreso Nacional y firmada el 19 de diciembre del 2022,&nbsp;<strong>sea publicada en la Gaceta Oficial para su conocimiento y ejecuci\u00f3n.<\/strong><\/p>\n\n\n\n<p>En el convenio se reconoce la importancia del transporte a\u00e9reo como medio de creaci\u00f3n y fomento de la&nbsp;<strong>amistad, entendimiento y cooperaci\u00f3n entre ambos pueblos<\/strong>, facilitando la expansi\u00f3n de oportunidades de transporte a\u00e9reo internacional.<\/p>\n\n\n\n<p>La resoluci\u00f3n fue suscrita en Beijing, el 2 de noviembre del 2018.<\/p>\n","protected":false},"excerpt":{"rendered":"<p>Santo Domingo.-&nbsp;El Poder Ejecutivo&nbsp;promulg\u00f3 el&nbsp;Acuerdo de Servicios A\u00e9reos&nbsp;entre el Gobierno de&nbsp;Rep\u00fablica Dominicana&nbsp;y el de la&nbsp;Rep\u00fablica Popular China. La disposici\u00f3n presidencial,&nbsp;del 30 de diciembre de 2022,&nbsp;ordena que la&nbsp;Resoluci\u00f3n 373-22, aprobada por&hellip; <\/p>\n","protected":false},"author":2,"featured_media":1389,"comment_status":"closed","ping_status":"open","sticky":false,"template":"","format":"standard","meta":{"fifu_image_url":"","fifu_image_alt":"","footnotes":""},"categories":[54],"tags":[],"class_list":["post-1388","post","type-post","status-publish","format-standard","has-post-thumbnail","hentry","category-politica_exterior"],"_links":{"self":[{"href":"https:\/\/elmundodelapolitica.com\/v1\/wp-json\/wp\/v2\/posts\/1388","targetHints":{"allow":["GET"]}}],"collection":[{"href":"https:\/\/elmundodelapolitica.com\/v1\/wp-json\/wp\/v2\/posts"}],"about":[{"href":"https:\/\/elmundodelapolitica.com\/v1\/wp-json\/wp\/v2\/types\/post"}],"author":[{"embeddable":true,"href":"https:\/\/elmundodelapolitica.com\/v1\/wp-json\/wp\/v2\/users\/2"}],"replies":[{"embeddable":true,"href":"https:\/\/elmundodelapolitica.com\/v1\/wp-json\/wp\/v2\/comments?post=1388"}],"version-history":[{"count":1,"href":"https:\/\/elmundodelapolitica.com\/v1\/wp-json\/wp\/v2\/posts\/1388\/revisions"}],"predecessor-version":[{"id":1390,"href":"https:\/\/elmundodelapolitica.com\/v1\/wp-json\/wp\/v2\/posts\/1388\/revisions\/1390"}],"wp:featuredmedia":[{"embeddable":true,"href":"https:\/\/elmundodelapolitica.com\/v1\/wp-json\/wp\/v2\/media\/1389"}],"wp:attachment":[{"href":"https:\/\/elmundodelapolitica.com\/v1\/wp-json\/wp\/v2\/media?parent=1388"}],"wp:term":[{"taxonomy":"category","embeddable":true,"href":"https:\/\/elmundodelapolitica.com\/v1\/wp-json\/wp\/v2\/categories?post=1388"},{"taxonomy":"post_tag","embeddable":true,"href":"https:\/\/elmundodelapolitica.com\/v1\/wp-json\/wp\/v2\/tags?post=1388"}],"curies":[{"name":"wp","href":"https:\/\/api.w.org\/{rel}","templated":true}]}}