{"id":1385,"date":"2023-01-03T23:57:05","date_gmt":"2023-01-04T03:57:05","guid":{"rendered":"https:\/\/elmundodelapolitica.com\/v1\/?p=1385"},"modified":"2023-01-04T08:39:58","modified_gmt":"2023-01-04T12:39:58","slug":"ministerio-de-hacienda-afirma-gobierno-redujo-deuda-publica-del-pais-en-casi-dos-puntos-porcentuales-del-pib","status":"publish","type":"post","link":"https:\/\/elmundodelapolitica.com\/v1\/ministerio-de-hacienda-afirma-gobierno-redujo-deuda-publica-del-pais-en-casi-dos-puntos-porcentuales-del-pib\/","title":{"rendered":"Ministerio de Hacienda afirma Gobierno redujo deuda p\u00fablica del pa\u00eds en casi dos puntos porcentuales del PIB"},"content":{"rendered":"\n<p>Santo Domingo.- El Ministro de Hacienda, Jochi Vicente, destac\u00f3 este martes la reducci\u00f3n que registr\u00f3 la deuda p\u00fablica dominicana en 2022, como porcentaje del producto interno bruto (PIB), y afirm\u00f3 que es menor a la recibida por el Gobierno en agosto de 2020.<\/p>\n\n\n\n<p>Vicente inform\u00f3 que durante el citado per\u00edodo la actual administraci\u00f3n logr\u00f3 bajar el endeudamiento del sector p\u00fablico en casi dos puntos porcentuales, al pasar de un 61 % a un 59.1 %.<\/p>\n\n\n\n<p>Precis\u00f3 que la reducci\u00f3n en la deuda del sector p\u00fablico no financiero ha sido mayor que la consolidada. Resalt\u00f3 que en agosto de 2020 el coeficiente de endeudamiento era de un 49.7 % como porcentaje del PIB y al cierre preliminar del 2022 termin\u00f3 con un 46.1 %.<\/p>\n\n\n\n<p>\u201cY esto lo logramos a pesar de haber enfrentado el impacto externo m\u00e1s grande de la historia y la inflaci\u00f3n causada por la invasi\u00f3n de Rusia. La proactiva estrategia de endeudamiento que hemos implementado se evidencia en las tres transacciones de manejo de pasivos, que han disminuido el costo de la deuda y aumentado la madurez promedio del portafolio\u201d, explic\u00f3.<\/p>\n\n\n\n<p>El funcionario se\u00f1al\u00f3 que el Gobierno fue reconocido en el art\u00edculo cuatro del Fondo Monetario Internacional (FMI) por el oportuno manejo del endeudamiento, documento en el cual se concluy\u00f3 que la deuda p\u00fablica del pa\u00eds es sostenible y que las pol\u00edticas que se han adoptado son las adecuadas.<\/p>\n\n\n\n<p>Cit\u00f3 como ejemplo la p\u00e1gina 55 del referido informe, donde se indica que \u201cla deuda p\u00fablica es sostenible y los riesgos han disminuido en comparaci\u00f3n con el ASD anterior, debido a una menor la carga de la deuda y necesidades brutas de financiaci\u00f3n\u201d.<\/p>\n\n\n\n<p>\u201cEn el 2023 continuaremos con nuestro manejo proactivo de la deuda para seguir garantizando su sostenibilidad y acercarnos a\u00fan m\u00e1s a nuestra meta de obtener el Grado de Inversi\u00f3n por parte de las calificadoras de riesgo\u201d, concluy\u00f3 el responsable de las finanzas p\u00fablicas del pa\u00eds.<\/p>\n","protected":false},"excerpt":{"rendered":"<p>Santo Domingo.- El Ministro de Hacienda, Jochi Vicente, destac\u00f3 este martes la reducci\u00f3n que registr\u00f3 la deuda p\u00fablica dominicana en 2022, como porcentaje del producto interno bruto (PIB), y afirm\u00f3&hellip; <\/p>\n","protected":false},"author":2,"featured_media":1386,"comment_status":"closed","ping_status":"closed","sticky":false,"template":"","format":"standard","meta":{"fifu_image_url":"","fifu_image_alt":"","footnotes":""},"categories":[8],"tags":[],"class_list":["post-1385","post","type-post","status-publish","format-standard","has-post-thumbnail","hentry","category-politica-economica"],"_links":{"self":[{"href":"https:\/\/elmundodelapolitica.com\/v1\/wp-json\/wp\/v2\/posts\/1385","targetHints":{"allow":["GET"]}}],"collection":[{"href":"https:\/\/elmundodelapolitica.com\/v1\/wp-json\/wp\/v2\/posts"}],"about":[{"href":"https:\/\/elmundodelapolitica.com\/v1\/wp-json\/wp\/v2\/types\/post"}],"author":[{"embeddable":true,"href":"https:\/\/elmundodelapolitica.com\/v1\/wp-json\/wp\/v2\/users\/2"}],"replies":[{"embeddable":true,"href":"https:\/\/elmundodelapolitica.com\/v1\/wp-json\/wp\/v2\/comments?post=1385"}],"version-history":[{"count":2,"href":"https:\/\/elmundodelapolitica.com\/v1\/wp-json\/wp\/v2\/posts\/1385\/revisions"}],"predecessor-version":[{"id":1399,"href":"https:\/\/elmundodelapolitica.com\/v1\/wp-json\/wp\/v2\/posts\/1385\/revisions\/1399"}],"wp:featuredmedia":[{"embeddable":true,"href":"https:\/\/elmundodelapolitica.com\/v1\/wp-json\/wp\/v2\/media\/1386"}],"wp:attachment":[{"href":"https:\/\/elmundodelapolitica.com\/v1\/wp-json\/wp\/v2\/media?parent=1385"}],"wp:term":[{"taxonomy":"category","embeddable":true,"href":"https:\/\/elmundodelapolitica.com\/v1\/wp-json\/wp\/v2\/categories?post=1385"},{"taxonomy":"post_tag","embeddable":true,"href":"https:\/\/elmundodelapolitica.com\/v1\/wp-json\/wp\/v2\/tags?post=1385"}],"curies":[{"name":"wp","href":"https:\/\/api.w.org\/{rel}","templated":true}]}}