{"id":1373,"date":"2023-01-03T11:06:09","date_gmt":"2023-01-03T15:06:09","guid":{"rendered":"https:\/\/elmundodelapolitica.com\/v1\/?p=1373"},"modified":"2023-01-04T08:40:34","modified_gmt":"2023-01-04T12:40:34","slug":"beneficio-superate-a-cuatro-millones-personas-condicion-vulnerabilidad","status":"publish","type":"post","link":"https:\/\/elmundodelapolitica.com\/v1\/beneficio-superate-a-cuatro-millones-personas-condicion-vulnerabilidad\/","title":{"rendered":"Benefici\u00f3 SUPERATE a cuatro millones personas condici\u00f3n vulnerabilidad"},"content":{"rendered":"\n<p>Santo Domingo. 30 de diciembre de 2022.- El a\u00f1o 2022 cerr\u00f3 con un balance positivo en materia de asistencia social en la Rep\u00fablica Dominicana, con la implementaci\u00f3n de iniciativas y proyectos integrales, que beneficiaron a unos cuatro millones de dominicanos y dominicanas en condiciones de vulnerabilidad, inform\u00f3 hoy el programa social Sup\u00e9rate.<\/p>\n\n\n\n<figure class=\"wp-block-image size-large\"><img loading=\"lazy\" decoding=\"async\" width=\"1024\" height=\"682\" src=\"https:\/\/elmundodelapolitica.com\/v1\/wp-content\/uploads\/2023\/01\/1-1024x682.jpg\" alt=\"\" class=\"wp-image-1374\" srcset=\"https:\/\/elmundodelapolitica.com\/v1\/wp-content\/uploads\/2023\/01\/1-1024x682.jpg 1024w, https:\/\/elmundodelapolitica.com\/v1\/wp-content\/uploads\/2023\/01\/1-300x200.jpg 300w, https:\/\/elmundodelapolitica.com\/v1\/wp-content\/uploads\/2023\/01\/1-768x512.jpg 768w, https:\/\/elmundodelapolitica.com\/v1\/wp-content\/uploads\/2023\/01\/1.jpg 1280w\" sizes=\"auto, (max-width: 1024px) 100vw, 1024px\" \/><\/figure>\n\n\n\n<p>La entidad estatal se\u00f1al\u00f3 que miles de familias recibieron aportes a trav\u00e9s de transferencias condicionadas y no condicionadas, como los bonos Alim\u00e9ntate, Bonog\u00e1s Hogar, Aprende, Avanza, Bonoluz, Sup\u00e9rate Mujer, el Bono de Emergencia y\/o el Bono Navide\u00f1o); o participaron en capacitaciones y programas de acompa\u00f1amiento para la inserci\u00f3n laboral y\/o el empoderamiento econ\u00f3mico.<\/p>\n\n\n\n<figure class=\"wp-block-image size-full\"><img loading=\"lazy\" decoding=\"async\" width=\"720\" height=\"405\" src=\"https:\/\/elmundodelapolitica.com\/v1\/wp-content\/uploads\/2023\/01\/2-2.jpg\" alt=\"\" class=\"wp-image-1375\" srcset=\"https:\/\/elmundodelapolitica.com\/v1\/wp-content\/uploads\/2023\/01\/2-2.jpg 720w, https:\/\/elmundodelapolitica.com\/v1\/wp-content\/uploads\/2023\/01\/2-2-300x169.jpg 300w\" sizes=\"auto, (max-width: 720px) 100vw, 720px\" \/><\/figure>\n\n\n\n<p>Espec\u00edficamente, un mill\u00f3n 343 mil 450 familias recibieron el subsidio Alim\u00e9ntate, con un monto de RD$1,650.00 pesos mensuales. Complementariamente, a un mill\u00f3n 352 mil hogares se les entreg\u00f3 el Bonog\u00e1s Hogar, cuya tarifa, para la compra del gas licuado de petr\u00f3leo (GLP), pas\u00f3 de RD$228.00 a RD$470.00 pesos mensuales.<\/p>\n\n\n\n<p>El Bonoluz, destinado al pago del servicio de energ\u00eda el\u00e9ctrica, lleg\u00f3 a 415 mil 880 familias de escasos recursos econ\u00f3micos, con montos de RD$597.00 y RD$617.00 pesos mensuales. Mientras que los bonos Aprende y Avanza, previstos para las familias con integrantes en edad escolar que cursan los niveles b\u00e1sico y secundario, respectivamente, se entregaron a 230 mil 587 hogares.<br>Sup\u00e9rate destac\u00f3 que 700 mujeres fueron beneficiadas espec\u00edficamente con el bono Sup\u00e9rate Mujer, con un monto de RD$10,000, entregados en estrecha coordinaci\u00f3n con el Ministerio de la Mujer (MMUJER), un apoyo dirigido a v\u00edctimas de violencia de g\u00e9nero, para promover su autonom\u00eda econ\u00f3mica y social.<\/p>\n\n\n\n<p>Este bono tambi\u00e9n lleg\u00f3 a familias que acogen a ni\u00f1os, ni\u00f1as y adolescentes en condici\u00f3n de orfandad debido a feminicidios.<\/p>\n\n\n\n<p>El Bono de Emergencia, activado oficialmente tras el paso por el territorio nacional del hurac\u00e1n Fiona, se entreg\u00f3 a las familias m\u00e1s afectadas en las provincias La Altagracia, La Romana, San Pedro de Macor\u00eds, Santo Domingo, El Seibo, Hato Mayor, Monte Plata, Duarte, La Vega, Santiago, Saman\u00e1 y Mar\u00eda Trinidad S\u00e1nchez, alcanzando a 35 mil 932 hogares.<\/p>\n\n\n\n<p>En otro orden, al menos 100 mil beneficiarios y beneficiarias tuvieron acceso a capacitaciones t\u00e9cnico-vocacionales y a opciones de financiamiento, a trav\u00e9s de capitales semilla. A esto se suman los resultados de diversas jornadas de capacitaci\u00f3n y sensibilizaci\u00f3n que contaron con la activa participaci\u00f3n de al menos 45 mil 894 j\u00f3venes y adolescentes, implementadas por el componente Juventud Sup\u00e9rate.<\/p>\n\n\n\n<p>El programa social explic\u00f3, adem\u00e1s, que tuvo logros operativos como la recertificaci\u00f3n de la Norma ISO 9001-2015, G35 y G38, en calidad, g\u00e9nero y responsabilidad social; y la puntuaci\u00f3n de 99.70 en el \u00cdndice de Uso de TIC e Implementaci\u00f3n de Gobierno Electr\u00f3nico (iTICge), que mide el desempe\u00f1o en esa materia de 281 instituciones del Estado, siendo esta la puntuaci\u00f3n m\u00e1xima entre todas las instituciones, superando ampliamente el promedio nacional de 66.57%.<\/p>\n\n\n\n<p>Asimismo, Sup\u00e9rate report\u00f3 buenos resultados en el establecimiento de alianzas estrat\u00e9gicas, logrando firmar 29 convenios que contribuir\u00e1n al logro de sus objetivos program\u00e1ticos, en aras de la reducci\u00f3n de la pobreza.<\/p>\n\n\n\n<p>De varias de estas firmas ya hay frutos cosechados. Es el caso de la alianza con la empresa CAPITEC, SRL., cuyo nuevo restaurante SuperFresh Kitchen, ubicado en el Aeropuerto Internacional de Las Am\u00e9ricas \u2013 Jos\u00e9 Francisco Pe\u00f1a G\u00f3mez (AILA-JFPG), contrat\u00f3 bajo condiciones de dignidad a 40 egresadas y egresados del Centro de Superaci\u00f3n Gastron\u00f3mica Sup\u00e9rate (CSGS), de Los Botados, Boca Chica.<\/p>\n\n\n\n<p>Otro ejemplo lo constituyen los acuerdos con entidades bancarias, que han generado iniciativas de educaci\u00f3n financiera, bancarizaci\u00f3n y ahorros, a favor de al menos 13 mil 260 ciudadanos y ciudadanas.<\/p>\n\n\n\n<p>Para el 2023, el programa social proyecta continuar impactando positivamente las vidas de miles de dominicanos y dominicanas, desde ejecutorias estrat\u00e9gicas e integrales, con innovaciones claves como el Fondo Nacional para Ni\u00f1ez y Adolescencia con Discapacidad, en conjunto con el Gabinete de Ni\u00f1ez y Adolescencia (GANA) y el Consejo Nacional de Discapacidad (CONADIS), que prev\u00e9 apoyar monetariamente a 500 familias con integrantes de 0 a 18 a\u00f1os que viven con discapacidades.<\/p>\n\n\n\n<p>Con la estrategia de Comunidades de Cuidados, en fase de pilotaje y pensada para responder a las demandas de cuidados de la primera infancia, personas adultas mayores y personas con discapacidad, en las poblaciones m\u00e1s vulnerables, se procurar\u00e1 llegar inicialmente a 4 mil 350 hogares.<\/p>\n\n\n\n<p>Como parte de este primer esfuerzo ya se mejoraron las condiciones y oportunidades de las personas que se dedican a cuidar, desde una perspectiva de g\u00e9nero, de derechos, desarrollo y corresponsabilidad, creando 1,200 empleos en cuidados<br>Cuando se realice la expansi\u00f3n de esta pol\u00edtica, la meta interinstitucional es apoyar a 849 mil 327 ciudadanos y ciudadanas con necesidades de cuidados, identificados e identificadas por medio de un levantamiento oficial del Sistema \u00danico de Beneficiarios (SIUBEN).&nbsp;<\/p>\n","protected":false},"excerpt":{"rendered":"<p>Santo Domingo. 30 de diciembre de 2022.- El a\u00f1o 2022 cerr\u00f3 con un balance positivo en materia de asistencia social en la Rep\u00fablica Dominicana, con la implementaci\u00f3n de iniciativas y&hellip; <\/p>\n","protected":false},"author":2,"featured_media":1374,"comment_status":"closed","ping_status":"closed","sticky":false,"template":"","format":"standard","meta":{"fifu_image_url":"","fifu_image_alt":"","footnotes":""},"categories":[20],"tags":[],"class_list":["post-1373","post","type-post","status-publish","format-standard","has-post-thumbnail","hentry","category-salud"],"_links":{"self":[{"href":"https:\/\/elmundodelapolitica.com\/v1\/wp-json\/wp\/v2\/posts\/1373","targetHints":{"allow":["GET"]}}],"collection":[{"href":"https:\/\/elmundodelapolitica.com\/v1\/wp-json\/wp\/v2\/posts"}],"about":[{"href":"https:\/\/elmundodelapolitica.com\/v1\/wp-json\/wp\/v2\/types\/post"}],"author":[{"embeddable":true,"href":"https:\/\/elmundodelapolitica.com\/v1\/wp-json\/wp\/v2\/users\/2"}],"replies":[{"embeddable":true,"href":"https:\/\/elmundodelapolitica.com\/v1\/wp-json\/wp\/v2\/comments?post=1373"}],"version-history":[{"count":2,"href":"https:\/\/elmundodelapolitica.com\/v1\/wp-json\/wp\/v2\/posts\/1373\/revisions"}],"predecessor-version":[{"id":1401,"href":"https:\/\/elmundodelapolitica.com\/v1\/wp-json\/wp\/v2\/posts\/1373\/revisions\/1401"}],"wp:featuredmedia":[{"embeddable":true,"href":"https:\/\/elmundodelapolitica.com\/v1\/wp-json\/wp\/v2\/media\/1374"}],"wp:attachment":[{"href":"https:\/\/elmundodelapolitica.com\/v1\/wp-json\/wp\/v2\/media?parent=1373"}],"wp:term":[{"taxonomy":"category","embeddable":true,"href":"https:\/\/elmundodelapolitica.com\/v1\/wp-json\/wp\/v2\/categories?post=1373"},{"taxonomy":"post_tag","embeddable":true,"href":"https:\/\/elmundodelapolitica.com\/v1\/wp-json\/wp\/v2\/tags?post=1373"}],"curies":[{"name":"wp","href":"https:\/\/api.w.org\/{rel}","templated":true}]}}