{"id":132,"date":"2022-03-22T16:30:38","date_gmt":"2022-03-22T20:30:38","guid":{"rendered":"http:\/\/www.elmundodelapolitica.com\/v2\/?p=25149"},"modified":"2022-03-22T16:30:38","modified_gmt":"2022-03-22T20:30:38","slug":"anuncian-estados-unidos-y-costa-rica-colaboracion-materia-migratoria-y-proteccion","status":"publish","type":"post","link":"https:\/\/elmundodelapolitica.com\/v1\/anuncian-estados-unidos-y-costa-rica-colaboracion-materia-migratoria-y-proteccion\/","title":{"rendered":"Anuncian Estados Unidos y Costa Rica colaboraci\u00f3n materia migratoria y protecci\u00f3n"},"content":{"rendered":"\n<p><strong>Washington,<\/strong>&nbsp;D.C. Marzo 2022. Departamento de Estado de los Estados Unidos<br>Oficina del Portavoz,&nbsp;Declaraci\u00f3n del Secretario de Estado, Antony J. Blinken:<\/p>\n\n\n\n<p>Estados Unidos y Costa Rica han anunciado un Arreglo sobre Migraci\u00f3n conjunto, en el cual se establecen nuestros compromisos rec\u00edprocos de trabajar en colaboraci\u00f3n en temas migratorios y de protecci\u00f3n. El secretario del Departamento de Seguridad Nacional, Alejandro Mayorkas, la embajadora de EE. UU. en Costa Rica, Dra. Cynthia A. Telles; la asistente presidencial especial y directora s\u00e9nior para Asuntos Transfronterizos del Consejo de Seguridad Nacional, Katie Tobin; la secretaria adjunta para Asuntos Internacionales del DHS, Serena Hoy, y la secretaria adjunta principal interina para Poblaci\u00f3n, Refugiados y Migraci\u00f3n, Marta Youth, acompa\u00f1aron a sus hom\u00f3logos costarricenses, al presidente Carlos Alvarado, el ministro de Relaciones Exteriores, Rodolfo Solano, y el ministro de Seguridad P\u00fablica, Michael Soto, en el anuncio de este arreglo. Esto representa un paso importante en la implementaci\u00f3n del plan integral del presidente Biden para gestionar de manera colaborativa la migraci\u00f3n en nuestro hemisferio, estableciendo un marco com\u00fan con respecto a estabilizaci\u00f3n, v\u00edas legales y protecci\u00f3n. Estos esfuerzos allanan el camino para una declaraci\u00f3n regional relativa a migraci\u00f3n y protecci\u00f3n, y para un hemisferio m\u00e1s seguro, pr\u00f3spero y democr\u00e1tico.<\/p>\n\n\n\n<p>Felicitamos al Gobierno de Costa Rica por su liderazgo en la protecci\u00f3n de refugiados, solicitantes de asilo y migrantes vulnerables y por contribuir a que las medidas de cumplimiento en la frontera sean m\u00e1s seguras y humanas, entre otras cosas, a trav\u00e9s de esta colaboraci\u00f3n. Los pa\u00edses de la regi\u00f3n tienen la responsabilidad compartida de mejorar la gesti\u00f3n de las migraciones y brindar protecci\u00f3n y v\u00edas legales para las personas m\u00e1s vulnerables en la regi\u00f3n.<\/p>\n\n\n\n<p>El presidente Biden inst\u00f3 a que se adopte un nuevo marco para que las naciones puedan gestionar la migraci\u00f3n de manera colectiva en el Hemisferio Occidental. En octubre de 2021, me reun\u00ed con nuestros pares en la regi\u00f3n durante la Reuni\u00f3n Ministerial Regional sobre Migraci\u00f3n en Colombia, en la cual expresamos nuestro compromiso de asegurar nuestras fronteras y defender la dignidad y humanidad de quienes intentan cruzarlas. Nos proponemos ampliar radicalmente el acceso al reasentamiento y otras v\u00edas legales en el hemisferio, y estamos decididos a perseguir en forma implacable a los contrabandistas ilegales y responsables de trata que victimizan a personas migrantes para obtener un lucro.<\/p>\n\n\n\n<p>Estados Unidos trabaja con socios en toda Am\u00e9rica para abordar las causas fundamentales de la migraci\u00f3n irregular y consolidar sistemas humanos de gesti\u00f3n de las migraciones, en colaboraci\u00f3n con los gobiernos, la sociedad civil y organizaciones internacionales en la regi\u00f3n.<\/p>\n","protected":false},"excerpt":{"rendered":"<p>Washington,&nbsp;D.C. Marzo 2022. Departamento de Estado de los Estados UnidosOficina del Portavoz,&nbsp;Declaraci\u00f3n del Secretario de Estado, Antony J. Blinken: Estados Unidos y Costa Rica han anunciado un Arreglo sobre Migraci\u00f3n&hellip; <\/p>\n","protected":false},"author":2,"featured_media":133,"comment_status":"closed","ping_status":"open","sticky":false,"template":"","format":"standard","meta":{"fifu_image_url":"","fifu_image_alt":"","footnotes":""},"categories":[28],"tags":[],"class_list":["post-132","post","type-post","status-publish","format-standard","has-post-thumbnail","hentry","category-migracion"],"_links":{"self":[{"href":"https:\/\/elmundodelapolitica.com\/v1\/wp-json\/wp\/v2\/posts\/132","targetHints":{"allow":["GET"]}}],"collection":[{"href":"https:\/\/elmundodelapolitica.com\/v1\/wp-json\/wp\/v2\/posts"}],"about":[{"href":"https:\/\/elmundodelapolitica.com\/v1\/wp-json\/wp\/v2\/types\/post"}],"author":[{"embeddable":true,"href":"https:\/\/elmundodelapolitica.com\/v1\/wp-json\/wp\/v2\/users\/2"}],"replies":[{"embeddable":true,"href":"https:\/\/elmundodelapolitica.com\/v1\/wp-json\/wp\/v2\/comments?post=132"}],"version-history":[{"count":0,"href":"https:\/\/elmundodelapolitica.com\/v1\/wp-json\/wp\/v2\/posts\/132\/revisions"}],"wp:featuredmedia":[{"embeddable":true,"href":"https:\/\/elmundodelapolitica.com\/v1\/wp-json\/wp\/v2\/media\/133"}],"wp:attachment":[{"href":"https:\/\/elmundodelapolitica.com\/v1\/wp-json\/wp\/v2\/media?parent=132"}],"wp:term":[{"taxonomy":"category","embeddable":true,"href":"https:\/\/elmundodelapolitica.com\/v1\/wp-json\/wp\/v2\/categories?post=132"},{"taxonomy":"post_tag","embeddable":true,"href":"https:\/\/elmundodelapolitica.com\/v1\/wp-json\/wp\/v2\/tags?post=132"}],"curies":[{"name":"wp","href":"https:\/\/api.w.org\/{rel}","templated":true}]}}