{"id":1301,"date":"2022-12-16T09:54:45","date_gmt":"2022-12-16T13:54:45","guid":{"rendered":"https:\/\/elmundodelapolitica.com\/v1\/?p=1301"},"modified":"2022-12-16T09:56:19","modified_gmt":"2022-12-16T13:56:19","slug":"abel-martinez-recibio-certificacion-como-precandidato-oficial-del-pld","status":"publish","type":"post","link":"https:\/\/elmundodelapolitica.com\/v1\/abel-martinez-recibio-certificacion-como-precandidato-oficial-del-pld\/","title":{"rendered":"PLD entregar\u00e1 a Abel Mart\u00ednez certificado de precandidato"},"content":{"rendered":"\n<p>La celebraci\u00f3n del 49 aniversario de fundaci\u00f3n del Partido de la Liberaci\u00f3n Dominicana (PLD) sirvi\u00f3 como espacio para que la Comisi\u00f3n Organizadora de la Consulta sobre Aspirantes Presidenciales (Conap) entregara a Abel Mart\u00ednez la certificaci\u00f3n que lo acredita como precandidato electo y formal aspirante a la candidatura presidencial de esa organizaci\u00f3n.<\/p>\n\n\n\n<p>La acreditaci\u00f3n fue entregada por Alejandrina Germ\u00e1n, coordinadora del Conap, quien destac\u00f3 que lo arrojado por la consulta es el resultado de la uni\u00f3n y organizaci\u00f3n del PLD.<\/p>\n\n\n\n<p>\u201cLo m\u00e1s importante de esta consulta ciudadana es que logramos el objetivo. Como coordinadora de esa consulta puedo decir que el PLD, su militancia y todos los compa\u00f1eros y compa\u00f1eras dimos una muestra de compromiso ciudadano y pol\u00edtico\u201d, destac\u00f3 Germ\u00e1n.<\/p>\n\n\n\n<p>Al recibir su acreditaci\u00f3n, Mart\u00ednez se\u00f1al\u00f3 que tanto \u00e9l como el partido tienen el compromiso de construir un nuevo futuro para la Rep\u00fablica Dominicana cuando el 16 de agosto de 2024 sea juramentado como el presidente n\u00famero 3 del partido morado.<\/p>\n","protected":false},"excerpt":{"rendered":"<p>La celebraci\u00f3n del 49 aniversario de fundaci\u00f3n del Partido de la Liberaci\u00f3n Dominicana (PLD) sirvi\u00f3 como espacio para que la Comisi\u00f3n Organizadora de la Consulta sobre Aspirantes Presidenciales (Conap) entregara&hellip; <\/p>\n","protected":false},"author":2,"featured_media":1302,"comment_status":"open","ping_status":"open","sticky":false,"template":"","format":"standard","meta":{"fifu_image_url":"","fifu_image_alt":"","footnotes":""},"categories":[5],"tags":[],"class_list":["post-1301","post","type-post","status-publish","format-standard","has-post-thumbnail","hentry","category-partidos"],"_links":{"self":[{"href":"https:\/\/elmundodelapolitica.com\/v1\/wp-json\/wp\/v2\/posts\/1301","targetHints":{"allow":["GET"]}}],"collection":[{"href":"https:\/\/elmundodelapolitica.com\/v1\/wp-json\/wp\/v2\/posts"}],"about":[{"href":"https:\/\/elmundodelapolitica.com\/v1\/wp-json\/wp\/v2\/types\/post"}],"author":[{"embeddable":true,"href":"https:\/\/elmundodelapolitica.com\/v1\/wp-json\/wp\/v2\/users\/2"}],"replies":[{"embeddable":true,"href":"https:\/\/elmundodelapolitica.com\/v1\/wp-json\/wp\/v2\/comments?post=1301"}],"version-history":[{"count":2,"href":"https:\/\/elmundodelapolitica.com\/v1\/wp-json\/wp\/v2\/posts\/1301\/revisions"}],"predecessor-version":[{"id":1304,"href":"https:\/\/elmundodelapolitica.com\/v1\/wp-json\/wp\/v2\/posts\/1301\/revisions\/1304"}],"wp:featuredmedia":[{"embeddable":true,"href":"https:\/\/elmundodelapolitica.com\/v1\/wp-json\/wp\/v2\/media\/1302"}],"wp:attachment":[{"href":"https:\/\/elmundodelapolitica.com\/v1\/wp-json\/wp\/v2\/media?parent=1301"}],"wp:term":[{"taxonomy":"category","embeddable":true,"href":"https:\/\/elmundodelapolitica.com\/v1\/wp-json\/wp\/v2\/categories?post=1301"},{"taxonomy":"post_tag","embeddable":true,"href":"https:\/\/elmundodelapolitica.com\/v1\/wp-json\/wp\/v2\/tags?post=1301"}],"curies":[{"name":"wp","href":"https:\/\/api.w.org\/{rel}","templated":true}]}}