{"id":130,"date":"2022-03-28T13:33:12","date_gmt":"2022-03-28T17:33:12","guid":{"rendered":"http:\/\/www.elmundodelapolitica.com\/v2\/?p=25152"},"modified":"2022-03-28T13:33:12","modified_gmt":"2022-03-28T17:33:12","slug":"raful-impulsa-ley-definir-espacios-construccion-escuelas-y-hospitales","status":"publish","type":"post","link":"https:\/\/elmundodelapolitica.com\/v1\/raful-impulsa-ley-definir-espacios-construccion-escuelas-y-hospitales\/","title":{"rendered":"Raful impulsa Ley definir espacios construcci\u00f3n escuelas y hospitales"},"content":{"rendered":"\n<p>Santo Domingo, R.D. Marzo 24, 2022.- La senadora del Distrito Nacional, Faride Raful, manifest\u00f3 que el proyecto de<strong> <\/strong><a href=\"https:\/\/deultimominuto.net\/faride-impulsa-ley-territorial-para-definir-espacios-de-construccion-de-escuelas-y-hospitales\/\" target=\"_blank\" rel=\"noreferrer noopener\">Ley Territorial<\/a><strong> <\/strong>que impulsa actualmente en el<strong> <\/strong>Senado de la Rep\u00fablica, servir\u00e1 para definir los espacios donde se pueden construir escuelas, hospitales y otras dependencias.<\/p>\n\n\n\n<p>Durante una entrevista en<a href=\"https:\/\/www.youtube.com\/watch?v=Qqvod0QiU1M\" target=\"_blank\" rel=\"noreferrer noopener\"> \u201cLa Ruta de la Empanada\u201d por De \u00daltimo Minuto TV,<\/a> la legisladora por el Partido Revolucionario Moderno (PRM) dijo que a partir de esa ley se garantiza que los accesos a los servicios b\u00e1sicos como la salud, la educaci\u00f3n y el agua potable, sean eficientes.<\/p>\n\n\n\n<p>Al ser entrevistada por la comunicadora Natalie Ruiz, en un recorrido por el sector La Zurza, Faride explic\u00f3 que actualmente los problemas que enfrenta la capital son por el tr\u00e1fico y el transporte, problemas que seg\u00fan la legisladora, se resuelven en un esfuerzo conjunto.<\/p>\n\n\n\n<h2 class=\"wp-block-heading\">Sobre el proyecto de Ley Territorial<\/h2>\n\n\n\n<p>\u201cRecuerda que t\u00fa tienes una capital abierta que entran y salen de Santo Domingo Este; de Santo Domingo Norte y Oeste, permanentemente, para resolverlo tienen que ser todos los alcaldes del gran Santo Domingo\u201d.<\/p>\n","protected":false},"excerpt":{"rendered":"<p>Santo Domingo, R.D. Marzo 24, 2022.- La senadora del Distrito Nacional, Faride Raful, manifest\u00f3 que el proyecto de Ley Territorial que impulsa actualmente en el Senado de la Rep\u00fablica, servir\u00e1&hellip; <\/p>\n","protected":false},"author":2,"featured_media":131,"comment_status":"closed","ping_status":"open","sticky":false,"template":"","format":"standard","meta":{"fifu_image_url":"","fifu_image_alt":"","footnotes":""},"categories":[25],"tags":[],"class_list":["post-130","post","type-post","status-publish","format-standard","has-post-thumbnail","hentry","category-construccion"],"_links":{"self":[{"href":"https:\/\/elmundodelapolitica.com\/v1\/wp-json\/wp\/v2\/posts\/130","targetHints":{"allow":["GET"]}}],"collection":[{"href":"https:\/\/elmundodelapolitica.com\/v1\/wp-json\/wp\/v2\/posts"}],"about":[{"href":"https:\/\/elmundodelapolitica.com\/v1\/wp-json\/wp\/v2\/types\/post"}],"author":[{"embeddable":true,"href":"https:\/\/elmundodelapolitica.com\/v1\/wp-json\/wp\/v2\/users\/2"}],"replies":[{"embeddable":true,"href":"https:\/\/elmundodelapolitica.com\/v1\/wp-json\/wp\/v2\/comments?post=130"}],"version-history":[{"count":0,"href":"https:\/\/elmundodelapolitica.com\/v1\/wp-json\/wp\/v2\/posts\/130\/revisions"}],"wp:featuredmedia":[{"embeddable":true,"href":"https:\/\/elmundodelapolitica.com\/v1\/wp-json\/wp\/v2\/media\/131"}],"wp:attachment":[{"href":"https:\/\/elmundodelapolitica.com\/v1\/wp-json\/wp\/v2\/media?parent=130"}],"wp:term":[{"taxonomy":"category","embeddable":true,"href":"https:\/\/elmundodelapolitica.com\/v1\/wp-json\/wp\/v2\/categories?post=130"},{"taxonomy":"post_tag","embeddable":true,"href":"https:\/\/elmundodelapolitica.com\/v1\/wp-json\/wp\/v2\/tags?post=130"}],"curies":[{"name":"wp","href":"https:\/\/api.w.org\/{rel}","templated":true}]}}