{"id":1266,"date":"2022-12-13T01:03:53","date_gmt":"2022-12-13T05:03:53","guid":{"rendered":"https:\/\/elmundodelapolitica.com\/v1\/?p=1266"},"modified":"2022-12-13T01:03:53","modified_gmt":"2022-12-13T05:03:53","slug":"resumen-verlingue-refuerza-su-presencia-en-europa-con-una-nueva-promesa-de-servicio-de-marca-y-una-adquisicion-en-portugal","status":"publish","type":"post","link":"https:\/\/elmundodelapolitica.com\/v1\/resumen-verlingue-refuerza-su-presencia-en-europa-con-una-nueva-promesa-de-servicio-de-marca-y-una-adquisicion-en-portugal\/","title":{"rendered":"Resumen: Verlingue refuerza su presencia en Europa con una nueva promesa de servicio de marca y una adquisici\u00f3n en Portugal"},"content":{"rendered":"<p>QUIMPER, Francia&#8211;(BUSINESS WIRE)&#8211;Verlingue, filial de Adela\u00efde Group y especialista en protecci\u00f3n corporativa, renueva su identidad visual y adopta una promesa de servicio de marca para impulsar sus ambiciones europeas.<\/p>\n<p>Verlingue alcanz\u00f3 una facturaci\u00f3n de 211,6 millones de euros en 2021 \u2013un 11,9 % m\u00e1s\u2013, de los cuales un 27 % fue fuera de Francia, y anunci\u00f3 la adquisici\u00f3n de un nuevo agente en Portugal, RT Global Insurance.<\/p>\n<p>Una nueva identidad desplegada simult\u00e1neamente en Francia, Gran Breta\u00f1a, Suiza y Portugal para mantener sus ambiciones de convertirse en un corredor de seguros independiente l\u00edder a escala europea<\/p>\n<p>El comunicado en el idioma original es la versi\u00f3n oficial y autorizada del mismo. Esta traducci\u00f3n es solamente un medio de ayuda y deber\u00e1 ser comparada con el texto en idioma original, que es la \u00fanica versi\u00f3n del texto que tendr\u00e1 validez legal.<br \/>\n Contacts<br \/>\nPressAdela\u00efde Group \u2013 Thomas Barbelet \u2013\u00a0thomas.barbelet@verlingue.fr\u00a0\u2013 +33(0)6 72 75 49 14<\/p>\n","protected":false},"excerpt":{"rendered":"<div>\n<p>QUIMPER, Francia&#8211;(BUSINESS WIRE)&#8211;Verlingue, filial de Adela\u00efde Group y especialista en protecci\u00f3n corporativa, renueva su identidad visual y adopta una promesa de servicio de marca para impulsar sus ambiciones europeas.\n<\/p>\n<p><a href=\"https:\/\/mms.businesswire.com\/media\/20221212005110\/es\/1661432\/5\/Logo_Principal_SignatureFR_RVB_big_min.jpg\"><img decoding=\"async\" src=\"https:\/\/mms.businesswire.com\/media\/20221212005107\/en\/1661432\/21\/Logo_Principal_SignatureFR_RVB_big_min.jpg\"><\/a><\/p>\n<p>\nVerlingue alcanz\u00f3 una facturaci\u00f3n de 211,6 millones de euros en 2021 \u2013un 11,9 % m\u00e1s\u2013, de los cuales un 27 % fue fuera de Francia, y anunci\u00f3 la adquisici\u00f3n de un nuevo agente en Portugal, RT Global Insurance.\n<\/p>\n<p>\n<strong>Una nueva identidad desplegada simult\u00e1neamente en Francia, Gran Breta\u00f1a, Suiza y Portugal para mantener sus ambiciones de convertirse en un corredor de seguros independiente l\u00edder a escala europea<\/strong>\n<\/p>\n<p>\nEl comunicado en el idioma original es la versi\u00f3n oficial y autorizada del mismo. Esta traducci\u00f3n es solamente un medio de ayuda y deber\u00e1 ser comparada con el texto en idioma original, que es la \u00fanica versi\u00f3n del texto que tendr\u00e1 validez legal.\n<\/p>\n<p> <b>Contacts<\/b> <\/p>\n<p>\n<b>Press<\/b><br \/>Adela\u00efde Group \u2013 Thomas Barbelet \u2013\u00a0<a target=\"_blank\" href=\"mailto:thomas.barbelet@verlingue.fr\" rel=\"nofollow noopener\">thomas.barbelet@verlingue.fr<\/a>\u00a0\u2013 +33(0)6 72 75 49 14\n<\/p>\n<\/div>\n","protected":false},"author":2,"featured_media":1267,"comment_status":"closed","ping_status":"closed","sticky":false,"template":"","format":"standard","meta":{"fifu_image_url":"","fifu_image_alt":"","footnotes":""},"categories":[44],"tags":[],"class_list":["post-1266","post","type-post","status-publish","format-standard","has-post-thumbnail","hentry","category-business-wire"],"_links":{"self":[{"href":"https:\/\/elmundodelapolitica.com\/v1\/wp-json\/wp\/v2\/posts\/1266","targetHints":{"allow":["GET"]}}],"collection":[{"href":"https:\/\/elmundodelapolitica.com\/v1\/wp-json\/wp\/v2\/posts"}],"about":[{"href":"https:\/\/elmundodelapolitica.com\/v1\/wp-json\/wp\/v2\/types\/post"}],"author":[{"embeddable":true,"href":"https:\/\/elmundodelapolitica.com\/v1\/wp-json\/wp\/v2\/users\/2"}],"replies":[{"embeddable":true,"href":"https:\/\/elmundodelapolitica.com\/v1\/wp-json\/wp\/v2\/comments?post=1266"}],"version-history":[{"count":0,"href":"https:\/\/elmundodelapolitica.com\/v1\/wp-json\/wp\/v2\/posts\/1266\/revisions"}],"wp:featuredmedia":[{"embeddable":true,"href":"https:\/\/elmundodelapolitica.com\/v1\/wp-json\/wp\/v2\/media\/1267"}],"wp:attachment":[{"href":"https:\/\/elmundodelapolitica.com\/v1\/wp-json\/wp\/v2\/media?parent=1266"}],"wp:term":[{"taxonomy":"category","embeddable":true,"href":"https:\/\/elmundodelapolitica.com\/v1\/wp-json\/wp\/v2\/categories?post=1266"},{"taxonomy":"post_tag","embeddable":true,"href":"https:\/\/elmundodelapolitica.com\/v1\/wp-json\/wp\/v2\/tags?post=1266"}],"curies":[{"name":"wp","href":"https:\/\/api.w.org\/{rel}","templated":true}]}}