{"id":1263,"date":"2022-12-11T22:46:52","date_gmt":"2022-12-12T02:46:52","guid":{"rendered":"https:\/\/elmundodelapolitica.com\/v1\/?p=1263"},"modified":"2022-12-11T22:46:54","modified_gmt":"2022-12-12T02:46:54","slug":"sica-apoya-peticion-de-rd-a-la-comunidad-internacional-para-ayudar-haiti-superar-crisis","status":"publish","type":"post","link":"https:\/\/elmundodelapolitica.com\/v1\/sica-apoya-peticion-de-rd-a-la-comunidad-internacional-para-ayudar-haiti-superar-crisis\/","title":{"rendered":"SICA apoya petici\u00f3n de RD a la comunidad internacional para ayudar Hait\u00ed superar crisis"},"content":{"rendered":"\n<p>Santiago.-&nbsp;<strong>La \u201cDeclaraci\u00f3n de Santiago de los Caballeros\u201d,<\/strong>&nbsp;aprobada en la&nbsp;<strong>LVI Reuni\u00f3n de Jefes de Estado y de Gobierno<\/strong>&nbsp;de los pa\u00edses miembros del Sistema de Integraci\u00f3n Centroamericana&nbsp;<strong>(SICA),<\/strong>&nbsp;expres\u00f3 su apoyo al llamado formulado por Rep\u00fablica Dominicana a la comunidad internacional a realizar esfuerzos para buscar respuestas a la crisis de Hait\u00ed.<\/p>\n\n\n\n<p><strong>El documento firmado este viernes por la m\u00e1s alta instancia de la entidad<\/strong>&nbsp;que integran Panam\u00e1, Costa Rica, Nicaragua, El Salvador, Honduras, Guatemala, Belice y Rep\u00fablica Dominicana, expresa la&nbsp;<em>\u201cpreocupaci\u00f3n por la grave situaci\u00f3n que afecta a la Rep\u00fablica de Hait\u00ed, en los \u00e1mbitos econ\u00f3mico, social, pol\u00edtico y humanitario, que obstaculizan el desarrollo de sus instituciones y ciudadanos\u201d.<\/em><\/p>\n\n\n\n<p>En ese sentido, agrega,<em>&nbsp;\u201cacompa\u00f1amos el urgente llamado que Rep\u00fablica Dominicana ha formulado a la comunidad internacional, a fin de que se atienda esta grave crisis, poniendo en marcha acciones y esfuerzos conjuntos para viabilizar una respuesta duradera y sostenible en Hait\u00ed\u201d<\/em><\/p>\n\n\n\n<p>Al inicio de la reuni\u00f3n,&nbsp;<strong>el Presidente Luis Abinader&nbsp;<\/strong>pidi\u00f3 la atenci\u00f3n de los pa\u00edses miembros del Sistema de la Integraci\u00f3n Centroamericana (SICA) al problema de la&nbsp;<strong>migraci\u00f3n irregular en la regi\u00f3n y plante\u00f3 la crisis de Hait\u00ed con su impacto en Rep\u00fablica Dominicana.<\/strong><\/p>\n\n\n\n<p>La declaraci\u00f3n, adem\u00e1s, pide a la Secretar\u00eda General del SICA coordinar con la Secretar\u00eda General de la Asociaci\u00f3n de Estados del Caribe&nbsp;<strong>(AEC),<\/strong>&nbsp;la elaboraci\u00f3n, a&nbsp;<em>\u201cla mayor brevedad posible\u201d<\/em>&nbsp;de&nbsp;<strong>una propuesta de acci\u00f3n regional para combatir el sargazo en el Gran Caribe<\/strong>, tomando en cuenta todos los proyectos que ya existen para enfrentar este problema.<\/p>\n\n\n\n<p>Tambi\u00e9n encarg\u00f3 al&nbsp;<strong>Consejo Agropecuario Centroamericano y la Secretar\u00eda General del SICA<\/strong>&nbsp;elaborar una propuesta para crear un&nbsp;<em>\u201cmecanismo para la compra conjunta de alimentos, fertilizantes e insumos agr\u00edcolas\u201d,<\/em>&nbsp;que contribuya a construir y\/o fortalecer las correspondientes&nbsp;<strong>reservas estrat\u00e9gicas en los Estados de la regi\u00f3n.<\/strong><\/p>\n\n\n\n<p>Sugiere tomar como referencia la experiencia del Mecanismo de Negociaci\u00f3n Conjunta del&nbsp;<strong>Consejo de Ministros de Salud de Centroam\u00e9rica y Rep\u00fablica Dominicana (COMISCA)<\/strong>&nbsp;para la compra de medicinas, que se considera en la regi\u00f3n como una&nbsp;<strong>f\u00f3rmula exitosa para abaratar el costo de los medicamentos.<\/strong><\/p>\n\n\n\n<figure class=\"wp-block-image\"><img decoding=\"async\" src=\"https:\/\/presidencia.gob.do\/sites\/default\/files\/content\/318959509_455831880063535_8691323424221473901_n.jpg\" alt=\"\"\/><\/figure>\n\n\n\n<p>Otro tema abordado en la Declaraci\u00f3n de Santiago de los Caballeros, es la solicitud al Banco Centroamericano de Integraci\u00f3n Econ\u00f3mica&nbsp;<strong>(BCIE)<\/strong>, en coordinaci\u00f3n con la&nbsp;<strong>Secretar\u00eda General del SICA<\/strong>, para elaborar una propuesta de programas de financiamiento orientados a impulsar la&nbsp;<strong>transici\u00f3n a la electromovilidad<\/strong>&nbsp;en los pa\u00edses miembros, con el objetivo de lograr un transporte m\u00e1s sostenible en la regi\u00f3n.<\/p>\n\n\n\n<p>Tambi\u00e9n se aprob\u00f3 continuar coordinando acciones para la&nbsp;<strong>atenci\u00f3n y mitigaci\u00f3n de los efectos de la pandemia por COVID-19<\/strong>&nbsp;y&nbsp;<em>\u201cdem\u00e1s acontecimientos globales que afectan nuestras econom\u00edas, particularmente lo relativo a la seguridad alimentaria de nuestras poblaciones\u201d.<\/em><\/p>\n\n\n\n<p>La declaraci\u00f3n incluye la decisi\u00f3n de desarrollar, en coordinaci\u00f3n con el Instituto de Nutrici\u00f3n de Centro Am\u00e9rica y Panam\u00e1&nbsp;<strong>(INCAP)<\/strong>,&nbsp;<em>\u201cmecanismos conjuntos para la investigaci\u00f3n, innovaci\u00f3n e intercambio de buenas pr\u00e1cticas en el sector agr\u00edcola, que coadyuven a enfrentar las amenazas a la seguridad alimentaria y nutricional en la regi\u00f3n\u201d.<\/em><\/p>\n\n\n\n<p><strong>La \u201cReuni\u00f3n de Presidentes\u201d p<\/strong>idi\u00f3 a la Secretar\u00eda General presentar, en un plazo m\u00e1ximo de seis meses, una propuesta detallada para la&nbsp;<em>\u201creestructuraci\u00f3n del Universo Institucional del Sistema, a fin de garantizar la racionalidad y optimizaci\u00f3n del uso de los recursos y buscar la efectividad del proceso de integraci\u00f3n centroamericano\u201d.<\/em><\/p>\n\n\n\n<figure class=\"wp-block-image\"><img decoding=\"async\" src=\"https:\/\/presidencia.gob.do\/sites\/default\/files\/content\/DSC_9797.jpg\" alt=\"\"\/><\/figure>\n\n\n\n<p><strong>Rep\u00fablica Dominicana termina mandato<\/strong><\/p>\n\n\n\n<p>Al final de la reuni\u00f3n, el Presidente Abinader hizo el&nbsp;<strong>traspaso de la Presidencia Pro Tempore (PPT) del SICA al Primer Ministro de Belice, John Brice\u00f1o<\/strong>, pa\u00eds que ocupar\u00e1 este puesto en el per\u00edodo enero-junio de 2023.<\/p>\n\n\n\n<p><em>\u201cDeseo expresarles mi profunda satisfacci\u00f3n por los resultados de esta \u00faltima reuni\u00f3n de nuestra Presidencia ProTempore\u201d<\/em>, dijo el mandatario, y record\u00f3 que&nbsp;<em>\u201ccuando Rep\u00fablica Dominicana asumi\u00f3, lo hicimos bajo un aire de un futuro incierto, pero la asumimos con plena confianza de que la integraci\u00f3n es de sumo valor para nuestros pa\u00edses\u201d.<\/em><\/p>\n\n\n\n<p>Seg\u00fan expres\u00f3 a continuaci\u00f3n,<em>&nbsp;\u201cvemos el fruto de nuestros esfuerzos con un futuro brillante para nuestro sistema de integraci\u00f3n. Hoy hago la formal entrega de la Presidencia ProTempore a Belice. Queda bajo la responsabilidad de nuestros hermanos una interesante agenda regional, que, con nuestro apoyo, garantizamos sean ejecutadas\u201d.<\/em><\/p>\n\n\n\n<p><em>\u201cCuenten con todos nosotros para esa renovaci\u00f3n de inter\u00e9s que impulsa a avanzar hacia una mejor integraci\u00f3n y hacia una regi\u00f3n m\u00e1s segura. Espero poder encontrarme nueva vez con ustedes en un espacio futuro\u201d<\/em>, finaliz\u00f3.<\/p>\n","protected":false},"excerpt":{"rendered":"<p>Santiago.-&nbsp;La \u201cDeclaraci\u00f3n de Santiago de los Caballeros\u201d,&nbsp;aprobada en la&nbsp;LVI Reuni\u00f3n de Jefes de Estado y de Gobierno&nbsp;de los pa\u00edses miembros del Sistema de Integraci\u00f3n Centroamericana&nbsp;(SICA),&nbsp;expres\u00f3 su apoyo al llamado formulado&hellip; <\/p>\n","protected":false},"author":2,"featured_media":1264,"comment_status":"open","ping_status":"open","sticky":false,"template":"","format":"standard","meta":{"fifu_image_url":"","fifu_image_alt":"","footnotes":""},"categories":[63,54],"tags":[],"class_list":["post-1263","post","type-post","status-publish","format-standard","has-post-thumbnail","hentry","category-actualidad","category-politica_exterior"],"_links":{"self":[{"href":"https:\/\/elmundodelapolitica.com\/v1\/wp-json\/wp\/v2\/posts\/1263","targetHints":{"allow":["GET"]}}],"collection":[{"href":"https:\/\/elmundodelapolitica.com\/v1\/wp-json\/wp\/v2\/posts"}],"about":[{"href":"https:\/\/elmundodelapolitica.com\/v1\/wp-json\/wp\/v2\/types\/post"}],"author":[{"embeddable":true,"href":"https:\/\/elmundodelapolitica.com\/v1\/wp-json\/wp\/v2\/users\/2"}],"replies":[{"embeddable":true,"href":"https:\/\/elmundodelapolitica.com\/v1\/wp-json\/wp\/v2\/comments?post=1263"}],"version-history":[{"count":1,"href":"https:\/\/elmundodelapolitica.com\/v1\/wp-json\/wp\/v2\/posts\/1263\/revisions"}],"predecessor-version":[{"id":1265,"href":"https:\/\/elmundodelapolitica.com\/v1\/wp-json\/wp\/v2\/posts\/1263\/revisions\/1265"}],"wp:featuredmedia":[{"embeddable":true,"href":"https:\/\/elmundodelapolitica.com\/v1\/wp-json\/wp\/v2\/media\/1264"}],"wp:attachment":[{"href":"https:\/\/elmundodelapolitica.com\/v1\/wp-json\/wp\/v2\/media?parent=1263"}],"wp:term":[{"taxonomy":"category","embeddable":true,"href":"https:\/\/elmundodelapolitica.com\/v1\/wp-json\/wp\/v2\/categories?post=1263"},{"taxonomy":"post_tag","embeddable":true,"href":"https:\/\/elmundodelapolitica.com\/v1\/wp-json\/wp\/v2\/tags?post=1263"}],"curies":[{"name":"wp","href":"https:\/\/api.w.org\/{rel}","templated":true}]}}