{"id":126,"date":"2022-03-28T13:41:11","date_gmt":"2022-03-28T17:41:11","guid":{"rendered":"http:\/\/www.elmundodelapolitica.com\/v2\/?p=25157"},"modified":"2022-09-26T10:48:11","modified_gmt":"2022-09-26T14:48:11","slug":"senado-aprueba-en-segunda-lectura-proyecto-de-ley-sobre-ciberseguridad","status":"publish","type":"post","link":"https:\/\/elmundodelapolitica.com\/v1\/senado-aprueba-en-segunda-lectura-proyecto-de-ley-sobre-ciberseguridad\/","title":{"rendered":"Senado aprueba en segunda lectura proyecto de Ley sobre ciberseguridad"},"content":{"rendered":"\n<p><strong>Santo Domingo.-<\/strong>&nbsp;El Senado de la Rep\u00fablica aprob\u00f3 este jueves, en segunda lectura, el proyecto de Ley sobre gesti\u00f3n de la ciberseguridad en Rep\u00fablica Dominicana.<\/p>\n\n\n\n<p>La iniciativa, presentada al Pleno Senatorial por la senadora Faride Raful (Distrito Nacional), contempla regular la prevenci\u00f3n, gesti\u00f3n y respuestas a las amenazas e incidentes de ciberseguridad y otros aspectos relativos a la seguridad cibern\u00e9tica de las infraestructuras cr\u00edticas.<\/p>\n\n\n\n<p>El proyecto se\u00f1ala, en uno de sus considerandos, que las tecnolog\u00edas de la informaci\u00f3n y comunicaci\u00f3n (TIC) desempe\u00f1an un papel imprescindible para las actividades econ\u00f3micas y sociales de la Rep\u00fablica Dominicana.<\/p>\n\n\n\n<figure class=\"wp-block-image\"><img decoding=\"async\" src=\"https:\/\/www.senadord.gob.do\/wp-content\/uploads\/2022\/03\/13f7e157-acd3-493e-b62b-fa61a4a649fd.jpg\" alt=\"13f7e157 acd3 493e b62b fa61a4a649fd\" class=\"wp-image-29922\" title=\"El Senado aprueba en segunda lectura proyecto de Ley sobre ciberseguridad 1\"\/><\/figure>\n\n\n\n<p>En los trabajos legislativos de este jueves, el presidente de la C\u00e1mara Alta, Eduardo Estrella, envi\u00f3 a plazo fijo de una semana el proyecto de Resoluci\u00f3n que solicita la interpelaci\u00f3n de Ram\u00f3n Contreras Genao, Superintendente de Pensiones (Sipen); iniciativa presentada por los senadores Alexis Victoria (Mar\u00eda Trinidad S\u00e1nchez); Eddy Nolasco (Valverde) y Lenin Valdez (Monte Plata).<\/p>\n\n\n\n<p>A esta solicitud tambi\u00e9n se sum\u00f3 el presidente de la Comisi\u00f3n Permanente de Seguridad Social, Trabajo y Pensiones, Dr. Bautista Rojas G\u00f3mez (Hermanas Mirabal), quien pidi\u00f3 que en esa reuni\u00f3n sea convocado el ministro de Trabajo, Luis Miguel De Camps, quien adem\u00e1s funge como presidente del Consejo Nacional de la Seguridad Social (CNSS). Tambi\u00e9n se adhiri\u00f3 a la moci\u00f3n la senadora de Puerto Plata, Ginette Bournigal de Jim\u00e9nez, por entender que esta es un punto neur\u00e1lgico para la sociedad dominicana.<\/p>\n\n\n\n<h5 class=\"wp-block-heading\">Adem\u00e1s, el presidente del Senado, envi\u00f3 a la misma comisi\u00f3n el proyecto de Resoluci\u00f3n que solicita al Pleno invitar al ministro de Trabajo, Luis Miguel De Camps, para explicar la reducci\u00f3n del rendimiento de los fondos de pensiones, a solicitud del senador por El\u00edas Pi\u00f1a, Aris Yv\u00e1n Lorenzo.<\/h5>\n\n\n\n<figure class=\"wp-block-image\"><img decoding=\"async\" src=\"https:\/\/www.senadord.gob.do\/wp-content\/uploads\/2022\/03\/PHOTO-2022-03-24-16-03-46-4.jpg\" alt=\"PHOTO 2022 03 24 16 03 46 4\" class=\"wp-image-29923\" title=\"El Senado aprueba en segunda lectura proyecto de Ley sobre ciberseguridad 2\"\/><figcaption>Eduardo Estrella<\/figcaption><\/figure>\n\n\n\n<p>Tambi\u00e9n, en la sesi\u00f3n se conoci\u00f3 el proyecto de Ley que modifica los art\u00edculos 4, 6, 9 y 11 de la Ley No.142-97 que crea la Corporaci\u00f3n del Acueducto y Alcantarillado de Puerto Plata (CORAPP), propuesto por la senadora Ginette Bournigal de Jim\u00e9nez. La iniciativa procura que el consejo directivo de la CORAPP tenga mayor representaci\u00f3n de los distintos sectores de la provincia.<\/p>\n\n\n\n<p>Los legisladores aprobaron varias iniciativas en \u00fanica lectura, entre la que figura la Resoluci\u00f3n que solicita al presidente de la Rep\u00fablica, Luis Abinader, promover la firma de un gran acuerdo de trabajo entre los ayuntamientos, los distritos municipales y el Ministerio de Obras P\u00fablicas, a los fines de incentivar la construcci\u00f3n de calles, contenes y aceras en las distintas comunidades del pa\u00eds; una iniciativa presentada por el senador Crist\u00f3bal Castillo (Hato Mayor).<\/p>\n\n\n\n<p>Los senadores aprobaron la Resoluci\u00f3n que solicita al presidente de la Rep\u00fablica, Luis Abinader, que instruya al ministro de la Vivienda, Habitad y Edificaciones, Carlos Bonilla, la construcci\u00f3n de un hospital en el municipio de Villa Hermosa y la construcci\u00f3n de un Centro de Diagn\u00f3stico en el municipio de Guaymate en La Romana; una propuesta del senador Iv\u00e1n Silva (La Romana)<\/p>\n\n\n\n<p>En la sesi\u00f3n,&nbsp;tambi\u00e9n fue aprobada la Resoluci\u00f3n que otorga un reconocimiento a \u201cExpo Feria Mayoritas SFM\u201d, por sus 26 a\u00f1os de realizaci\u00f3n del m\u00e1s importante evento provincial en beneficio de la provincia Duarte y de todo el pa\u00eds; una iniciativa presentada por el senador Franklin Romero (Duarte).<\/p>\n\n\n\n<figure class=\"wp-block-image\"><img decoding=\"async\" src=\"https:\/\/www.senadord.gob.do\/wp-content\/uploads\/2022\/03\/PHOTO-2022-03-24-16-03-46-1.jpg\" alt=\"PHOTO 2022 03 24 16 03 46 1\" class=\"wp-image-29924\" title=\"El Senado aprueba en segunda lectura proyecto de Ley sobre ciberseguridad 3\"\/><\/figure>\n\n\n\n<p>Adem\u00e1s, la Resoluci\u00f3n que solicita al ministro de Industria, Comercio y Mipymes, V\u00edctor Bison\u00f3, impulsar la instalaci\u00f3n de la empresa de Fabricaci\u00f3n de Dulces de Conservas en El\u00edas Pi\u00f1a; una propuesta del senador&nbsp;Aris Yv\u00e1n Lorenzo (El\u00edas Pi\u00f1a).<\/p>\n\n\n\n<p>Al inicio de la sesi\u00f3n de este jueves, los senadores guardaron un minuto de silencio por el fallecimiento de la exprimera dama de la Rep\u00fablica, Rosa G\u00f3mez de Mej\u00eda, quien se destac\u00f3 por su sencillez y labor social en favor de la ni\u00f1ez.<\/p>\n\n\n\n<p>Tambi\u00e9n, los legisladores guardaron un minuto de silencio por el fallecimiento de los se\u00f1ores Hugo \u00c1lvarez Valencia, Jos\u00e9 Joaqu\u00edn Savi\u00f1\u00f3n y Julio Soto, as\u00ed como por la muerte de la voleibolista Yennifer Ram\u00edrez. &nbsp;<\/p>\n\n\n\n<p>En los turnos de ponencias, el senador Franklin Rodr\u00edguez (San Crist\u00f3bal) solicit\u00f3 al presidente Luis Abinader disponer la entrega de t\u00edtulos de propiedad a unas once mil familias de Yaguate y otras demarcaciones de su provincia.<\/p>\n\n\n\n<p>El senador Dionis S\u00e1nchez (Pedernales) se refiri\u00f3 a la p\u00e9rdida de 8,500 millones de pesos en los ahorros de los afiliados a los fondos de pensiones, al considerar que esta situaci\u00f3n s\u00f3lo afecta a los trabajadores.<\/p>\n\n\n\n<p>En ese mismo tenor, el senador Aris Yv\u00e1n Lorenzo (El\u00edas Pi\u00f1a) lament\u00f3 que las AFP han empobrecido a m\u00e1s de dos millones de personas con ocho mil millones de pesos.<\/p>\n\n\n\n<figure class=\"wp-block-image\"><img decoding=\"async\" src=\"https:\/\/www.senadord.gob.do\/wp-content\/uploads\/2022\/03\/cf3964f6-e6cf-4dbf-af4d-ad65d4bfde19.jpg\" alt=\"cf3964f6 e6cf 4dbf af4d ad65d4bfde19\" class=\"wp-image-29925\" title=\"El Senado aprueba en segunda lectura proyecto de Ley sobre ciberseguridad 4\"\/><\/figure>\n\n\n\n<p>El senador Antonio Marte (Santiago Rodr\u00edguez) propuso invertir los fondos de pensiones en 32 grandes empresas, donde los cotizantes sean socios y reciban utilidades de las mismas.<\/p>\n\n\n\n<p>El senador Lenin Valdez (Monte Plata) destac\u00f3 los trabajos del Gobierno del presidente Luis Abinader a favor de la recuperaci\u00f3n de la fe en la ciudadan\u00eda, especialmente, por contribuir a que el \u00edndice de pobreza de los municipios de su provincia se reduzca. \u201cNuestro presidente ha cumplido todo lo prometido y viene completando todo lo iniciado\u201d, subray\u00f3 el senador.<\/p>\n\n\n\n<p>De su lado, el senador Franklin Pe\u00f1a (San Pedro de Macor\u00eds) resalt\u00f3 la importancia de un levantamiento sobre miles de familias que ameritan recibir t\u00edtulos de propiedad en sus respectivas provincias, por lo que entiende que el presidente Luis Abinader debe otorgarles los documentos que acreditan sus posesiones.<\/p>\n\n\n\n<p>El senador Milc\u00edades Franjul (Peravia) destac\u00f3 la importancia de la Resoluci\u00f3n que solicita al presidente Luis Abinader realizar las acciones de lugar para la titulaci\u00f3n de terrenos de familias de las provincias Peravia, San Crist\u00f3bal y San Pedro de Macor\u00eds; iniciativa de los senadores Franjul, Franklin Pe\u00f1a y Franklin Rodr\u00edguez.<\/p>\n\n\n\n<p>En su ponencia, el senador Ram\u00f3n Rogelio Genao (La Vega) sostuvo que los usuarios de las ARS privadas han migrado a SENASA, lo que habla positivamente de la entidad gubernamental. El legislador cree necesaria y urgente una reforma integral de la Ley 87-01 de Seguridad Social.<\/p>\n\n\n\n<p>El presidente del Senado de la Rep\u00fablica, Eduardo Estrella,&nbsp;convoc\u00f3&nbsp;a sesi\u00f3n para el pr\u00f3ximo jueves 31 de marzo a las 11:00 a.m.<\/p>\n","protected":false},"excerpt":{"rendered":"<p>Santo Domingo.-&nbsp;El Senado de la Rep\u00fablica aprob\u00f3 este jueves, en segunda lectura, el proyecto de Ley sobre gesti\u00f3n de la ciberseguridad en Rep\u00fablica Dominicana. La iniciativa, presentada al Pleno Senatorial&hellip; <\/p>\n","protected":false},"author":2,"featured_media":127,"comment_status":"closed","ping_status":"open","sticky":false,"template":"","format":"standard","meta":{"fifu_image_url":"","fifu_image_alt":"","footnotes":""},"categories":[55],"tags":[],"class_list":["post-126","post","type-post","status-publish","format-standard","has-post-thumbnail","hentry","category-congreso-y-legislacion"],"_links":{"self":[{"href":"https:\/\/elmundodelapolitica.com\/v1\/wp-json\/wp\/v2\/posts\/126","targetHints":{"allow":["GET"]}}],"collection":[{"href":"https:\/\/elmundodelapolitica.com\/v1\/wp-json\/wp\/v2\/posts"}],"about":[{"href":"https:\/\/elmundodelapolitica.com\/v1\/wp-json\/wp\/v2\/types\/post"}],"author":[{"embeddable":true,"href":"https:\/\/elmundodelapolitica.com\/v1\/wp-json\/wp\/v2\/users\/2"}],"replies":[{"embeddable":true,"href":"https:\/\/elmundodelapolitica.com\/v1\/wp-json\/wp\/v2\/comments?post=126"}],"version-history":[{"count":1,"href":"https:\/\/elmundodelapolitica.com\/v1\/wp-json\/wp\/v2\/posts\/126\/revisions"}],"predecessor-version":[{"id":474,"href":"https:\/\/elmundodelapolitica.com\/v1\/wp-json\/wp\/v2\/posts\/126\/revisions\/474"}],"wp:featuredmedia":[{"embeddable":true,"href":"https:\/\/elmundodelapolitica.com\/v1\/wp-json\/wp\/v2\/media\/127"}],"wp:attachment":[{"href":"https:\/\/elmundodelapolitica.com\/v1\/wp-json\/wp\/v2\/media?parent=126"}],"wp:term":[{"taxonomy":"category","embeddable":true,"href":"https:\/\/elmundodelapolitica.com\/v1\/wp-json\/wp\/v2\/categories?post=126"},{"taxonomy":"post_tag","embeddable":true,"href":"https:\/\/elmundodelapolitica.com\/v1\/wp-json\/wp\/v2\/tags?post=126"}],"curies":[{"name":"wp","href":"https:\/\/api.w.org\/{rel}","templated":true}]}}